{"id":71008,"date":"2024-02-22T10:33:32","date_gmt":"2024-02-22T10:33:32","guid":{"rendered":"https:\/\/neutrale.al\/?p=71008"},"modified":"2024-02-22T10:33:32","modified_gmt":"2024-02-22T10:33:32","slug":"sot-dita-nderkombetare-e-minatoreve-tritan-shehu-rama-i-braktisi-bllokoi-statusin-e-tyre","status":"publish","type":"post","link":"https:\/\/neutrale.al\/index.php\/2024\/02\/22\/sot-dita-nderkombetare-e-minatoreve-tritan-shehu-rama-i-braktisi-bllokoi-statusin-e-tyre\/","title":{"rendered":"Sot, Dita Nd\u00ebrkomb\u00ebtare e Minator\u00ebve\/ Tritan Shehu: Rama i braktisi, bllokoi Statusin e tyre!"},"content":{"rendered":"<p>Rama braktisi Minatoret- bllokoi Statusin e tyre!<br \/>\nDuke \u201cpremtuar\u201d nje Ligj Universal, qe nuk u pregatit kurre!<br \/>\nGenjeshter tipike per Rilindjen!<br \/>\nSot ne Diten Nderkombetare te Minatoreve kjo e vertete e hidhur del \u201clakuriq\u201d para publikut!<br \/>\nIsh minatoret e minatoret jane ne mizerjen e tyre.<br \/>\nKudo kjo, duke filluar nga Memaliaj, Luftinja\u2026<br \/>\nPa pensionet qe i meritojne.<br \/>\nPa kujdes shendetesor te vecante e qofte te pergjithshem.<br \/>\nPa trajtim social sic e meritojne dhe u takon!<br \/>\nSepse Rama e kjo qeveri vazhdojne t\u2019i mashtrojne!<br \/>\nDhe ata jane ne \u201cpritje\u201d te atij Ligji Universal..<br \/>\nQe nga kjo Qeveri nuk do te vije kurre!<br \/>\nSepse kjo Qeveri vetem perveteson ate qe u takon qytetareve, pa u dhene asgje.<br \/>\nDuke u fshehur mbas genjeshtrave!<\/p>\n<p><img loading=\"lazy\" loading=\"lazy\" decoding=\"async\" src=\"https:\/\/neutrale.al\/wp-content\/uploads\/2024\/02\/1e78c85d-d056-4f6b-bf87-86751b9c5982-300x182.jpeg\" alt=\"\" width=\"300\" height=\"182\" class=\"alignnone size-medium wp-image-71009\" srcset=\"https:\/\/neutrale.al\/wp-content\/uploads\/2024\/02\/1e78c85d-d056-4f6b-bf87-86751b9c5982-300x182.jpeg 300w, https:\/\/neutrale.al\/wp-content\/uploads\/2024\/02\/1e78c85d-d056-4f6b-bf87-86751b9c5982-768x465.jpeg 768w, https:\/\/neutrale.al\/wp-content\/uploads\/2024\/02\/1e78c85d-d056-4f6b-bf87-86751b9c5982.jpeg 819w\" sizes=\"auto, (max-width: 300px) 100vw, 300px\" \/><\/p>\n","protected":false},"excerpt":{"rendered":"<p>Rama braktisi Minatoret- bllokoi Statusin e tyre! Duke \u201cpremtuar\u201d nje Ligj Universal, qe nuk u pregatit kurre! Genjeshter tipike per Rilindjen! Sot ne Diten Nderkombetare te Minatoreve kjo e vertete e hidhur del \u201clakuriq\u201d para publikut! Ish minatoret e minatoret jane ne mizerjen e tyre. Kudo kjo, duke filluar nga Memaliaj, Luftinja\u2026 Pa pensionet qe [&hellip;]<\/p>\n","protected":false},"author":2,"featured_media":71010,"comment_status":"open","ping_status":"open","sticky":false,"template":"","format":"standard","meta":{"footnotes":""},"categories":[9],"tags":[],"class_list":{"0":"post-71008","1":"post","2":"type-post","3":"status-publish","4":"format-standard","5":"has-post-thumbnail","7":"category-politika"},"_links":{"self":[{"href":"https:\/\/neutrale.al\/index.php\/wp-json\/wp\/v2\/posts\/71008","targetHints":{"allow":["GET"]}}],"collection":[{"href":"https:\/\/neutrale.al\/index.php\/wp-json\/wp\/v2\/posts"}],"about":[{"href":"https:\/\/neutrale.al\/index.php\/wp-json\/wp\/v2\/types\/post"}],"author":[{"embeddable":true,"href":"https:\/\/neutrale.al\/index.php\/wp-json\/wp\/v2\/users\/2"}],"replies":[{"embeddable":true,"href":"https:\/\/neutrale.al\/index.php\/wp-json\/wp\/v2\/comments?post=71008"}],"version-history":[{"count":2,"href":"https:\/\/neutrale.al\/index.php\/wp-json\/wp\/v2\/posts\/71008\/revisions"}],"predecessor-version":[{"id":71012,"href":"https:\/\/neutrale.al\/index.php\/wp-json\/wp\/v2\/posts\/71008\/revisions\/71012"}],"wp:featuredmedia":[{"embeddable":true,"href":"https:\/\/neutrale.al\/index.php\/wp-json\/wp\/v2\/media\/71010"}],"wp:attachment":[{"href":"https:\/\/neutrale.al\/index.php\/wp-json\/wp\/v2\/media?parent=71008"}],"wp:term":[{"taxonomy":"category","embeddable":true,"href":"https:\/\/neutrale.al\/index.php\/wp-json\/wp\/v2\/categories?post=71008"},{"taxonomy":"post_tag","embeddable":true,"href":"https:\/\/neutrale.al\/index.php\/wp-json\/wp\/v2\/tags?post=71008"}],"curies":[{"name":"wp","href":"https:\/\/api.w.org\/{rel}","templated":true}]}}