{"id":71002,"date":"2024-02-22T09:38:36","date_gmt":"2024-02-22T09:38:36","guid":{"rendered":"https:\/\/neutrale.al\/?p=71002"},"modified":"2024-02-22T09:38:36","modified_gmt":"2024-02-22T09:38:36","slug":"proteste-para-parlamentit-kunder-ligjit-per-zonat-e-mbrojtura","status":"publish","type":"post","link":"https:\/\/neutrale.al\/index.php\/2024\/02\/22\/proteste-para-parlamentit-kunder-ligjit-per-zonat-e-mbrojtura\/","title":{"rendered":"Protest\u00eb para parlamentit kund\u00ebr ligjit p\u00ebr zonat e mbrojtura"},"content":{"rendered":"<p>Qytetar\u00eb dhe p\u00ebrfaq\u00ebsues t\u00eb shoq\u00ebris\u00eb civile po protestojn\u00eb para Kuvendit p\u00ebr t\u00eb kund\u00ebrshtuar projektligjin p\u00ebr zonat e mbrojtura. Me banderol\u00eb n\u00eb duar me mbishkrimin \u201cMos votoni pr\/ligjin masakrues p\u00ebr zonat e mbrojtura\u201d, ata b\u00ebjn\u00eb thirrje q\u00eb t\u00eb mos kaloj\u00eb n\u00eb votim.<\/p>\n<p>\u00a0\u201cNes\u00ebr nuk do t\u00eb ket\u00eb m\u00eb bregdet pasi do t\u00eb jet\u00eb pron\u00eb private e disa individ\u00ebve dhe do t\u00eb k\u00ebrkojn\u00eb shuma marram\u00ebnd\u00ebse parash q\u00eb ta shijoni natyr\u00ebn tuaj, q\u00eb f\u00ebmij\u00ebt tuaj t\u00eb luajn\u00eb ashtu si keni luajtur ju. Kjo \u00ebsht\u00eb nj\u00eb mas\u00eb q\u00eb shkat\u00ebrron t\u00eb ardhmen e kombit, ajo i p\u00ebrket t\u00eb gjith\u00ebve\u201d,\u00a0u\u00a0shpreh nj\u00eb nga protestuesit n\u00eb fjal\u00ebn e tij.<\/p>\n<p>Kujtojm\u00eb se nga ana tjet\u00ebr opozita ka paralajm\u00ebruar se edhe n\u00eb k\u00ebt\u00eb seanc\u00eb, nuk do t\u00eb ket\u00eb normalitet.<\/p>\n","protected":false},"excerpt":{"rendered":"<p>Qytetar\u00eb dhe p\u00ebrfaq\u00ebsues t\u00eb shoq\u00ebris\u00eb civile po protestojn\u00eb para Kuvendit p\u00ebr t\u00eb kund\u00ebrshtuar projektligjin p\u00ebr zonat e mbrojtura. Me banderol\u00eb n\u00eb duar me mbishkrimin \u201cMos votoni pr\/ligjin masakrues p\u00ebr zonat e mbrojtura\u201d, ata b\u00ebjn\u00eb thirrje q\u00eb t\u00eb mos kaloj\u00eb n\u00eb votim. \u00a0\u201cNes\u00ebr nuk do t\u00eb ket\u00eb m\u00eb bregdet pasi do t\u00eb jet\u00eb pron\u00eb private e [&hellip;]<\/p>\n","protected":false},"author":2,"featured_media":71003,"comment_status":"open","ping_status":"open","sticky":false,"template":"","format":"standard","meta":{"footnotes":""},"categories":[118],"tags":[],"class_list":{"0":"post-71002","1":"post","2":"type-post","3":"status-publish","4":"format-standard","5":"has-post-thumbnail","7":"category-kryesore"},"_links":{"self":[{"href":"https:\/\/neutrale.al\/index.php\/wp-json\/wp\/v2\/posts\/71002","targetHints":{"allow":["GET"]}}],"collection":[{"href":"https:\/\/neutrale.al\/index.php\/wp-json\/wp\/v2\/posts"}],"about":[{"href":"https:\/\/neutrale.al\/index.php\/wp-json\/wp\/v2\/types\/post"}],"author":[{"embeddable":true,"href":"https:\/\/neutrale.al\/index.php\/wp-json\/wp\/v2\/users\/2"}],"replies":[{"embeddable":true,"href":"https:\/\/neutrale.al\/index.php\/wp-json\/wp\/v2\/comments?post=71002"}],"version-history":[{"count":1,"href":"https:\/\/neutrale.al\/index.php\/wp-json\/wp\/v2\/posts\/71002\/revisions"}],"predecessor-version":[{"id":71004,"href":"https:\/\/neutrale.al\/index.php\/wp-json\/wp\/v2\/posts\/71002\/revisions\/71004"}],"wp:featuredmedia":[{"embeddable":true,"href":"https:\/\/neutrale.al\/index.php\/wp-json\/wp\/v2\/media\/71003"}],"wp:attachment":[{"href":"https:\/\/neutrale.al\/index.php\/wp-json\/wp\/v2\/media?parent=71002"}],"wp:term":[{"taxonomy":"category","embeddable":true,"href":"https:\/\/neutrale.al\/index.php\/wp-json\/wp\/v2\/categories?post=71002"},{"taxonomy":"post_tag","embeddable":true,"href":"https:\/\/neutrale.al\/index.php\/wp-json\/wp\/v2\/tags?post=71002"}],"curies":[{"name":"wp","href":"https:\/\/api.w.org\/{rel}","templated":true}]}}