{"id":70974,"date":"2024-02-21T19:05:00","date_gmt":"2024-02-21T19:05:00","guid":{"rendered":"https:\/\/neutrale.al\/?p=70974"},"modified":"2024-02-21T19:05:00","modified_gmt":"2024-02-21T19:05:00","slug":"berisha-artikulon-kerkesen-per-qeveri-teknike-dhe-zgjedhje-te-lira-ne-jemi-luftetare-te-votes-se-lire","status":"publish","type":"post","link":"https:\/\/neutrale.al\/index.php\/2024\/02\/21\/berisha-artikulon-kerkesen-per-qeveri-teknike-dhe-zgjedhje-te-lira-ne-jemi-luftetare-te-votes-se-lire\/","title":{"rendered":"Berisha artikulon k\u00ebrkes\u00ebn p\u00ebr qeveri teknike dhe zgjedhje t\u00eb lira! Ne jemi luft\u00ebtar\u00eb t\u00eb vot\u00ebs s\u00eb lir\u00eb!"},"content":{"rendered":"<p>Lideri demokrat, Sali Berisha tha se duhet qeveri teknike, sepse me Edi Ram\u00ebn nuk ka zgjedhje. Berisha tha se, ne jemi p\u00ebr zgjedhje, qeveri teknike, zgjedhje t\u00eb lira. Ne jemi luft\u00ebtar\u00eb t\u00eb vot\u00ebs s\u00eb lir\u00eb.<br \/>\n\u201cDje u faktua se familja demokrate \u00ebsht\u00eb m\u00eb e madhja, m\u00eb e bashkuara, m\u00eb e fort\u00eb se kurr\u00eb sot.<br \/>\nFamilja demokrate ka p\u00ebrfunduar reflektimin e saj, ka nxjerr\u00eb m\u00ebsime nga opozita e saj e gjat\u00eb.<br \/>\nKa gati projektin p\u00ebr shp\u00ebtimin e Shqip\u00ebris\u00eb dhe asgj\u00eb nuk e ndalon dot at\u00eb p\u00ebr ardhjen n\u00eb pushtet.<br \/>\nSepse ne jemi shpresa e vetme q\u00eb po ruajm\u00eb pluralizmin, se jemi t\u00eb vetmit q\u00eb po q\u00ebndrojm\u00eb p\u00ebr tradit\u00ebn dhe dinjitetin e popullit shqiptar.<br \/>\nSepse jemi i vetmi pushtet q\u00eb nuk jemi korruptuar nga Edi Rama dhe po zb\u00ebrthejm\u00eb gjithmon\u00eb e m\u00eb shum\u00eb aferat e tij t\u00eb tmerrshme.<br \/>\nNj\u00eb vjedh\u00ebs i pap\u00ebrmbajtur, nj\u00eb diktatoruc i ul\u00ebt, k\u00ebto na b\u00ebjn\u00eb neve shumic\u00eb, na b\u00ebjn\u00eb neve nj\u00eb rrezik t\u00eb madh p\u00ebr regjimin.<br \/>\nK\u00ebto na b\u00ebjn\u00eb neve fitues t\u00eb sigurt\u00eb.<br \/>\nSoll\u00ebm si fillim, shpres\u00ebn tek rruga e shpres\u00ebs. Dje shpresa, solli besimin. Nes\u00ebr besimi do t\u00eb sjell\u00eb fitoren.<br \/>\nFitore, fitore, fitore.<br \/>\nT\u00eb dashur miq!<br \/>\nKam vet\u00ebm nj\u00eb k\u00ebrkes\u00eb p\u00ebr ju, p\u00ebr t\u00eb gjith\u00eb ata q\u00eb dje firmos\u00ebn me uraganin e tyre fatin e Shqip\u00ebris\u00eb.<br \/>\nUraganin e djesh\u00ebm t\u00eb mos e shohim si nj\u00eb arritje, por si nj\u00eb start, si nj\u00eb pik\u00ebnisje.<br \/>\nNuk ka m\u00eb sulm q\u00eb na zmbraps ne.<br \/>\nNuk ka m\u00eb koh\u00eb p\u00ebr t\u00eb humbur, o sot o kurr\u00eb, ti futemi pun\u00ebs, shqiptar\u00ebt na besojn\u00eb dhe na mb\u00ebshtesin, mosbindja civile do t\u00eb vazhdoj\u00eb. Shqip\u00ebria do t\u00eb kthehet n\u00eb normalitet vet\u00ebm kur Rama t\u00eb iki, kur t\u00eb krijohet qeveri teknike, t\u00eb ecim drejt zgjedhjeve t\u00eb lira dhe t\u00eb ndershme.<br \/>\nDhe ja k\u00ebtu po i them.<br \/>\nHi\u00e7 nga mendja skenat e Vu\u00e7i\u00e7it se po t\u00eb jap fjal\u00ebn e nderit, se n\u00ebse guxon t\u00eb aplikosh nj\u00eb sken\u00eb t\u00eb atill\u00eb, at\u00eb q\u00eb ka p\u00ebsuar babai yt shpirt\u00ebror rrug\u00ebve, do ta p\u00ebsosh ti p\u00ebr s\u00eb gjalli.<br \/>\nMos luaj me lirin\u00eb e shqiptar\u00ebve.<br \/>\nMos luaj me vot\u00ebn e tyre.<br \/>\nArmik.<br \/>\nQeveri teknike, me ty nuk ka zgjedhje. Ne jemi p\u00ebr zgjedhje, qeveri teknike, zgjedhje t\u00eb lira. Ne jemi luft\u00ebtar\u00eb t\u00eb vot\u00ebs s\u00eb lir\u00eb\u201d, tha Berisha.<\/p>\n","protected":false},"excerpt":{"rendered":"<p>Lideri demokrat, Sali Berisha tha se duhet qeveri teknike, sepse me Edi Ram\u00ebn nuk ka zgjedhje. Berisha tha se, ne jemi p\u00ebr zgjedhje, qeveri teknike, zgjedhje t\u00eb lira. Ne jemi luft\u00ebtar\u00eb t\u00eb vot\u00ebs s\u00eb lir\u00eb. \u201cDje u faktua se familja demokrate \u00ebsht\u00eb m\u00eb e madhja, m\u00eb e bashkuara, m\u00eb e fort\u00eb se kurr\u00eb sot. Familja [&hellip;]<\/p>\n","protected":false},"author":2,"featured_media":70975,"comment_status":"open","ping_status":"open","sticky":false,"template":"","format":"standard","meta":{"footnotes":""},"categories":[118,9],"tags":[],"class_list":{"0":"post-70974","1":"post","2":"type-post","3":"status-publish","4":"format-standard","5":"has-post-thumbnail","7":"category-kryesore","8":"category-politika"},"_links":{"self":[{"href":"https:\/\/neutrale.al\/index.php\/wp-json\/wp\/v2\/posts\/70974","targetHints":{"allow":["GET"]}}],"collection":[{"href":"https:\/\/neutrale.al\/index.php\/wp-json\/wp\/v2\/posts"}],"about":[{"href":"https:\/\/neutrale.al\/index.php\/wp-json\/wp\/v2\/types\/post"}],"author":[{"embeddable":true,"href":"https:\/\/neutrale.al\/index.php\/wp-json\/wp\/v2\/users\/2"}],"replies":[{"embeddable":true,"href":"https:\/\/neutrale.al\/index.php\/wp-json\/wp\/v2\/comments?post=70974"}],"version-history":[{"count":1,"href":"https:\/\/neutrale.al\/index.php\/wp-json\/wp\/v2\/posts\/70974\/revisions"}],"predecessor-version":[{"id":70976,"href":"https:\/\/neutrale.al\/index.php\/wp-json\/wp\/v2\/posts\/70974\/revisions\/70976"}],"wp:featuredmedia":[{"embeddable":true,"href":"https:\/\/neutrale.al\/index.php\/wp-json\/wp\/v2\/media\/70975"}],"wp:attachment":[{"href":"https:\/\/neutrale.al\/index.php\/wp-json\/wp\/v2\/media?parent=70974"}],"wp:term":[{"taxonomy":"category","embeddable":true,"href":"https:\/\/neutrale.al\/index.php\/wp-json\/wp\/v2\/categories?post=70974"},{"taxonomy":"post_tag","embeddable":true,"href":"https:\/\/neutrale.al\/index.php\/wp-json\/wp\/v2\/tags?post=70974"}],"curies":[{"name":"wp","href":"https:\/\/api.w.org\/{rel}","templated":true}]}}