{"id":70954,"date":"2024-02-21T17:32:03","date_gmt":"2024-02-21T17:32:03","guid":{"rendered":"https:\/\/neutrale.al\/?p=70954"},"modified":"2024-02-21T17:32:03","modified_gmt":"2024-02-21T17:32:03","slug":"presidentja-osmani-priti-ne-takim-shefin-e-zyres-se-be-se-dhe-ambasadoret-e-frances-italise-dhe-gjermanise","status":"publish","type":"post","link":"https:\/\/neutrale.al\/index.php\/2024\/02\/21\/presidentja-osmani-priti-ne-takim-shefin-e-zyres-se-be-se-dhe-ambasadoret-e-frances-italise-dhe-gjermanise\/","title":{"rendered":"Presidentja Osmani priti n\u00eb takim shefin e Zyr\u00ebs s\u00eb BE-s\u00eb dhe ambasador\u00ebt e Franc\u00ebs, Italis\u00eb dhe Gjermanis\u00eb"},"content":{"rendered":"<p>Presidentja e Republik\u00ebs s\u00eb Kosov\u00ebs, Vjosa Osmani, priti sot n\u00eb takim shefin e Zyr\u00ebs s\u00eb BE-s\u00eb n\u00eb Kosov\u00eb, Tomas Szunyog, ambasadorin e Franc\u00ebs n\u00eb Kosov\u00eb, z. Olivier Gu\u00e9rot,  ambasadorin e Italis\u00eb, Antonello De Riu dhe zv.ambasadorin e Gjermanis\u00eb, Mathias Conrad me t\u00eb cil\u00ebt u diskutuan zhvillimet aktuale n\u00eb fush\u00ebn e politik\u00ebs dhe at\u00eb t\u00eb siguris\u00eb.<\/p>\n<p>N\u00eb k\u00ebt\u00eb takim u diskutua lidhur me p\u00ebrgatitjet q\u00eb po b\u00ebhen p\u00ebr mbajtjen e zgjedhjeve n\u00eb kat\u00ebr komunat n\u00eb veri t\u00eb vendit, n\u00eb p\u00ebrputhje me legjislacionin n\u00eb fuqi. Presidentja ritheksoi se e drejta p\u00ebr t\u00eb k\u00ebrkuar largimin e kryetar\u00ebve n\u00ebp\u00ebrmjet n\u00ebnshkrimeve \u00ebsht\u00eb e drejt\u00eb q\u00eb u takon qytetar\u00ebve dhe se tani pret q\u00eb n\u00eb KQZ t\u00eb kryhen t\u00eb gjitha procedurat e nevojshme n\u00eb p\u00ebrputhje me ligjin dhe udh\u00ebzimin administrativ n\u00eb fuqi.<\/p>\n<p>N\u00eb takim me ambasador\u00ebt, Presidentja Osmani ka theksuar nevoj\u00ebn imediate t\u00eb heqjes s\u00eb masave t\u00eb BE-s\u00eb ndaj Kosov\u00ebs, t\u00eb cilat jan\u00eb t\u00eb padrejta dhe krijojn\u00eb munges\u00eb ekuilibri n\u00eb dialog, si dhe nj\u00ebkoh\u00ebsisht theksoi se Kosova ka nd\u00ebrmarr hapa konkret n\u00eb p\u00ebrputhje me planin e dakorduar p\u00ebr k\u00ebt\u00eb \u00e7\u00ebshtje. Heqja e masave, theksoi ajo, do t\u00eb krijonte atmosfer\u00eb shum\u00eb m\u00eb pozitive p\u00ebr vazhdimin e dialogut parimor ku t\u00eb dyja pal\u00ebt do t\u00eb trajtoheshin t\u00eb barabarta.<\/p>\n<p>P\u00ebr m\u00eb tep\u00ebr, gjat\u00eb takimit ajo ritheksoi se p\u00ebr fat t\u00eb keq Serbia nuk po p\u00ebrballet me p\u00ebrgjegj\u00ebsi p\u00ebr nxitjen e sulmit ndaj ushtar\u00ebve t\u00eb KFOR-it n\u00eb maj e as p\u00ebr sulmin e agresionit kund\u00ebr Kosov\u00ebs n\u00eb shtator t\u00eb vitit t\u00eb kaluar.<\/p>\n<p>Kjo situat\u00eb, sipas saj, mund ta nxis\u00eb Serbin\u00eb q\u00eb t`i shtoj\u00eb veprimet destabilizuese n\u00eb rajon.<\/p>\n<p>Nj\u00eb pjes\u00eb e takimit iu kushtua edhe \u00e7\u00ebshtjes s\u00eb zbatimit t\u00eb Rregullores s\u00eb BQK-s\u00eb, me \u00e7\u2019rast Presidentja ritheksoi se \u00ebsht\u00eb me r\u00ebnd\u00ebsi q\u00eb nuk po k\u00ebrkohet q\u00eb kjo rregullore t\u00eb shfuqizohet, por thjesht q\u00eb t\u00eb punohet n\u00eb nj\u00eb plan tranzicioni p\u00ebr zbatim t\u00eb saj e cila merr parasysh edhe shqet\u00ebsimet e t\u00eb gjith\u00eb qytetar\u00ebve q\u00eb mund t\u00eb afektohen nga nj\u00eb vendim i till\u00eb. Duke ritheksuar r\u00ebnd\u00ebsin\u00eb e zbatimit t\u00eb Kushtetut\u00ebs n\u00eb \u00e7do cep t\u00eb Kosov\u00ebs, Presidentja ka shtuar se suksesi n\u00eb k\u00ebt\u00eb drejtim \u00ebsht\u00eb i lidhur edhe me nivelin e bashk\u00ebpunimit me aleat\u00ebt tan\u00eb t\u00eb cil\u00ebt kan\u00eb qen\u00eb gjithnj\u00eb mb\u00ebshtet\u00ebsit m\u00eb t\u00eb fuqish\u00ebm t\u00eb pavar\u00ebsis\u00eb, sovranitetit dhe siguris\u00eb s\u00eb shtetit ton\u00eb.<\/p>\n","protected":false},"excerpt":{"rendered":"<p>Presidentja e Republik\u00ebs s\u00eb Kosov\u00ebs, Vjosa Osmani, priti sot n\u00eb takim shefin e Zyr\u00ebs s\u00eb BE-s\u00eb n\u00eb Kosov\u00eb, Tomas Szunyog, ambasadorin e Franc\u00ebs n\u00eb Kosov\u00eb, z. Olivier Gu\u00e9rot, ambasadorin e Italis\u00eb, Antonello De Riu dhe zv.ambasadorin e Gjermanis\u00eb, Mathias Conrad me t\u00eb cil\u00ebt u diskutuan zhvillimet aktuale n\u00eb fush\u00ebn e politik\u00ebs dhe at\u00eb t\u00eb siguris\u00eb. [&hellip;]<\/p>\n","protected":false},"author":2,"featured_media":70955,"comment_status":"open","ping_status":"open","sticky":false,"template":"","format":"standard","meta":{"footnotes":""},"categories":[6],"tags":[27],"class_list":{"0":"post-70954","1":"post","2":"type-post","3":"status-publish","4":"format-standard","5":"has-post-thumbnail","7":"category-rajoni","8":"tag-lajme"},"_links":{"self":[{"href":"https:\/\/neutrale.al\/index.php\/wp-json\/wp\/v2\/posts\/70954","targetHints":{"allow":["GET"]}}],"collection":[{"href":"https:\/\/neutrale.al\/index.php\/wp-json\/wp\/v2\/posts"}],"about":[{"href":"https:\/\/neutrale.al\/index.php\/wp-json\/wp\/v2\/types\/post"}],"author":[{"embeddable":true,"href":"https:\/\/neutrale.al\/index.php\/wp-json\/wp\/v2\/users\/2"}],"replies":[{"embeddable":true,"href":"https:\/\/neutrale.al\/index.php\/wp-json\/wp\/v2\/comments?post=70954"}],"version-history":[{"count":1,"href":"https:\/\/neutrale.al\/index.php\/wp-json\/wp\/v2\/posts\/70954\/revisions"}],"predecessor-version":[{"id":70956,"href":"https:\/\/neutrale.al\/index.php\/wp-json\/wp\/v2\/posts\/70954\/revisions\/70956"}],"wp:featuredmedia":[{"embeddable":true,"href":"https:\/\/neutrale.al\/index.php\/wp-json\/wp\/v2\/media\/70955"}],"wp:attachment":[{"href":"https:\/\/neutrale.al\/index.php\/wp-json\/wp\/v2\/media?parent=70954"}],"wp:term":[{"taxonomy":"category","embeddable":true,"href":"https:\/\/neutrale.al\/index.php\/wp-json\/wp\/v2\/categories?post=70954"},{"taxonomy":"post_tag","embeddable":true,"href":"https:\/\/neutrale.al\/index.php\/wp-json\/wp\/v2\/tags?post=70954"}],"curies":[{"name":"wp","href":"https:\/\/api.w.org\/{rel}","templated":true}]}}