{"id":70933,"date":"2024-02-21T12:26:12","date_gmt":"2024-02-21T12:26:12","guid":{"rendered":"https:\/\/neutrale.al\/?p=70933"},"modified":"2024-02-21T12:26:12","modified_gmt":"2024-02-21T12:26:12","slug":"deklarata-ne-televizion-do-ti-shuaj-si-familje-babai-i-sibela-abedinit-nese-altin-cokun-nuk-e-denon-drejtesia-do-ti-marr-hakun-7-fish","status":"publish","type":"post","link":"https:\/\/neutrale.al\/index.php\/2024\/02\/21\/deklarata-ne-televizion-do-ti-shuaj-si-familje-babai-i-sibela-abedinit-nese-altin-cokun-nuk-e-denon-drejtesia-do-ti-marr-hakun-7-fish\/","title":{"rendered":"Deklarata n\u00eb televizion: \u201cDo t\u2019i shuaj si familje\u201d, babai i Sibela Abedinit: N\u00ebse Altin \u00c7okun nuk e d\u00ebnon drejt\u00ebsia, do t\u2019i marr hakun 7-fish"},"content":{"rendered":"<p>Tep\u00ebr i ashp\u00ebr dhe tronditur \u00ebsht\u00eb treguar babai i Sibela Abedinit, n\u00eb nj\u00eb lidhje telefonike n\u00eb emisionin \u201cMe zem\u00ebr t\u00eb hapur\u201d n\u00eb News24 t\u00eb moderatores Evis Ahmeti.<br \/>\nAi ka deklaruar se n\u00eb rast se nuk vepron drejt\u00ebsia, do t\u00eb jet\u00eb ai q\u00eb do t\u00eb marr\u00eb masa p\u00ebr nd\u00ebshkimin e Altin \u00c7okut.<\/p>\n<p>N\u00eb rast se \u00c7oku nuk d\u00ebnohet me burgim t\u00eb p\u00ebrjetsh\u00ebm, do t\u00eb merret hak tek ai dhe familja e tij, ka deklaruar babai i Sibel\u00ebs.<\/p>\n<p>&#8220;Jam baba dhe nuk e l\u00eb me kaq historin\u00eb. Ai q\u00eb ka shtyr\u00eb drejt vet\u00ebvrasjes vajz\u00ebn time.<br \/>\nT\u00eb vras\u00ebsh nj\u00eb fem\u00ebr duhet t\u00eb jap\u00ebsh 7 kok\u00eb meshkujsh. Un\u00eb do t\u00eb pres ligjin, por k\u00ebshtu e parashikon Kanuni. N\u00ebse ligji nuk merr masa t\u00eb rrepta, do ta paguaj\u00eb shtrenjt\u00eb ai dhe familja e tij.<br \/>\nDjali m\u00eb ka th\u00ebn\u00eb q\u00eb dikush e ka shtyr\u00eb Sibel\u00ebn, dikush e ka teklefonuar dhe e ka detyruar t\u00eb dal\u00eb n\u00eb tarrac\u00eb q\u00eb t\u00eb pij\u00eb duhan.<br \/>\nN\u00ebse shteti nuk \u00e7on drejt\u00ebsin\u00eb n\u00eb vend un\u00eb do t\u00eb marr hakun 7-fish.<\/p>\n<p>\u00a0<\/p>\n","protected":false},"excerpt":{"rendered":"<p>Tep\u00ebr i ashp\u00ebr dhe tronditur \u00ebsht\u00eb treguar babai i Sibela Abedinit, n\u00eb nj\u00eb lidhje telefonike n\u00eb emisionin \u201cMe zem\u00ebr t\u00eb hapur\u201d n\u00eb News24 t\u00eb moderatores Evis Ahmeti. Ai ka deklaruar se n\u00eb rast se nuk vepron drejt\u00ebsia, do t\u00eb jet\u00eb ai q\u00eb do t\u00eb marr\u00eb masa p\u00ebr nd\u00ebshkimin e Altin \u00c7okut. N\u00eb rast se \u00c7oku [&hellip;]<\/p>\n","protected":false},"author":2,"featured_media":70934,"comment_status":"open","ping_status":"open","sticky":false,"template":"","format":"standard","meta":{"footnotes":""},"categories":[118],"tags":[],"class_list":{"0":"post-70933","1":"post","2":"type-post","3":"status-publish","4":"format-standard","5":"has-post-thumbnail","7":"category-kryesore"},"_links":{"self":[{"href":"https:\/\/neutrale.al\/index.php\/wp-json\/wp\/v2\/posts\/70933","targetHints":{"allow":["GET"]}}],"collection":[{"href":"https:\/\/neutrale.al\/index.php\/wp-json\/wp\/v2\/posts"}],"about":[{"href":"https:\/\/neutrale.al\/index.php\/wp-json\/wp\/v2\/types\/post"}],"author":[{"embeddable":true,"href":"https:\/\/neutrale.al\/index.php\/wp-json\/wp\/v2\/users\/2"}],"replies":[{"embeddable":true,"href":"https:\/\/neutrale.al\/index.php\/wp-json\/wp\/v2\/comments?post=70933"}],"version-history":[{"count":1,"href":"https:\/\/neutrale.al\/index.php\/wp-json\/wp\/v2\/posts\/70933\/revisions"}],"predecessor-version":[{"id":70935,"href":"https:\/\/neutrale.al\/index.php\/wp-json\/wp\/v2\/posts\/70933\/revisions\/70935"}],"wp:featuredmedia":[{"embeddable":true,"href":"https:\/\/neutrale.al\/index.php\/wp-json\/wp\/v2\/media\/70934"}],"wp:attachment":[{"href":"https:\/\/neutrale.al\/index.php\/wp-json\/wp\/v2\/media?parent=70933"}],"wp:term":[{"taxonomy":"category","embeddable":true,"href":"https:\/\/neutrale.al\/index.php\/wp-json\/wp\/v2\/categories?post=70933"},{"taxonomy":"post_tag","embeddable":true,"href":"https:\/\/neutrale.al\/index.php\/wp-json\/wp\/v2\/tags?post=70933"}],"curies":[{"name":"wp","href":"https:\/\/api.w.org\/{rel}","templated":true}]}}