{"id":70930,"date":"2024-02-21T12:19:59","date_gmt":"2024-02-21T12:19:59","guid":{"rendered":"https:\/\/neutrale.al\/?p=70930"},"modified":"2024-02-21T12:19:59","modified_gmt":"2024-02-21T12:19:59","slug":"rama-mbledh-sot-drejtuesit-politike-ja-qellimi-i-takimit","status":"publish","type":"post","link":"https:\/\/neutrale.al\/index.php\/2024\/02\/21\/rama-mbledh-sot-drejtuesit-politike-ja-qellimi-i-takimit\/","title":{"rendered":"Rama mbledh sot drejtuesit politik\u00eb, ja q\u00ebllimi i takimit"},"content":{"rendered":"<p>Kryetari i Partis\u00eb Socialiste Edi Rama do t\u00eb mbledh\u00eb sot an\u00ebtar\u00ebt e Asambles\u00eb Komb\u00ebtare t\u00eb PS-s\u00eb.<\/p>\n<p>Asambleja Komb\u00ebtare e Partis\u00eb Socialiste do t\u00eb mbahet online n\u00eb or\u00ebn 17:30 minuta.<\/p>\n<p>Rama do t\u00eb jet\u00eb n\u00eb seli bashk\u00eb me drejtuesit politik\u00eb t\u00eb qarqeve.<\/p>\n<p>Mbledhja do p\u00ebrqendrohet tek organizimi i brendsh\u00ebm i PS p\u00ebr riorganizimin partiak n\u00eb baz\u00eb.<\/p>\n","protected":false},"excerpt":{"rendered":"<p>Kryetari i Partis\u00eb Socialiste Edi Rama do t\u00eb mbledh\u00eb sot an\u00ebtar\u00ebt e Asambles\u00eb Komb\u00ebtare t\u00eb PS-s\u00eb. Asambleja Komb\u00ebtare e Partis\u00eb Socialiste do t\u00eb mbahet online n\u00eb or\u00ebn 17:30 minuta. Rama do t\u00eb jet\u00eb n\u00eb seli bashk\u00eb me drejtuesit politik\u00eb t\u00eb qarqeve. Mbledhja do p\u00ebrqendrohet tek organizimi i brendsh\u00ebm i PS p\u00ebr riorganizimin partiak n\u00eb baz\u00eb.<\/p>\n","protected":false},"author":2,"featured_media":70931,"comment_status":"open","ping_status":"open","sticky":false,"template":"","format":"standard","meta":{"footnotes":""},"categories":[118,9],"tags":[],"class_list":{"0":"post-70930","1":"post","2":"type-post","3":"status-publish","4":"format-standard","5":"has-post-thumbnail","7":"category-kryesore","8":"category-politika"},"_links":{"self":[{"href":"https:\/\/neutrale.al\/index.php\/wp-json\/wp\/v2\/posts\/70930","targetHints":{"allow":["GET"]}}],"collection":[{"href":"https:\/\/neutrale.al\/index.php\/wp-json\/wp\/v2\/posts"}],"about":[{"href":"https:\/\/neutrale.al\/index.php\/wp-json\/wp\/v2\/types\/post"}],"author":[{"embeddable":true,"href":"https:\/\/neutrale.al\/index.php\/wp-json\/wp\/v2\/users\/2"}],"replies":[{"embeddable":true,"href":"https:\/\/neutrale.al\/index.php\/wp-json\/wp\/v2\/comments?post=70930"}],"version-history":[{"count":1,"href":"https:\/\/neutrale.al\/index.php\/wp-json\/wp\/v2\/posts\/70930\/revisions"}],"predecessor-version":[{"id":70932,"href":"https:\/\/neutrale.al\/index.php\/wp-json\/wp\/v2\/posts\/70930\/revisions\/70932"}],"wp:featuredmedia":[{"embeddable":true,"href":"https:\/\/neutrale.al\/index.php\/wp-json\/wp\/v2\/media\/70931"}],"wp:attachment":[{"href":"https:\/\/neutrale.al\/index.php\/wp-json\/wp\/v2\/media?parent=70930"}],"wp:term":[{"taxonomy":"category","embeddable":true,"href":"https:\/\/neutrale.al\/index.php\/wp-json\/wp\/v2\/categories?post=70930"},{"taxonomy":"post_tag","embeddable":true,"href":"https:\/\/neutrale.al\/index.php\/wp-json\/wp\/v2\/tags?post=70930"}],"curies":[{"name":"wp","href":"https:\/\/api.w.org\/{rel}","templated":true}]}}