{"id":70916,"date":"2024-02-21T11:52:49","date_gmt":"2024-02-21T11:52:49","guid":{"rendered":"https:\/\/neutrale.al\/?p=70916"},"modified":"2024-02-21T11:52:49","modified_gmt":"2024-02-21T11:52:49","slug":"kucove-arrestohen-babai-dhe-gjyshja-e-nje-10-vjecari-qe-e-shfrytezonin-ne-tiktok-duke-postuar-video-te-tij-me-fjale-denigruese-dhe-banale","status":"publish","type":"post","link":"https:\/\/neutrale.al\/index.php\/2024\/02\/21\/kucove-arrestohen-babai-dhe-gjyshja-e-nje-10-vjecari-qe-e-shfrytezonin-ne-tiktok-duke-postuar-video-te-tij-me-fjale-denigruese-dhe-banale\/","title":{"rendered":"Ku\u00e7ov\u00eb\/ Arrestohen babai dhe gjyshja e nj\u00eb 10- vje\u00e7ari q\u00eb e shfryt\u00ebzonin n\u00eb TikTok, duke postuar video t\u00eb tij, me fjal\u00eb denigruese dhe banale"},"content":{"rendered":"<p>Njoftimi plot\u00eb:<\/p>\n<p>Finalizohet pas 2 muajsh hetime me metoda proaktive, operacioni policor i koduar &#8220;Show&#8221;.   <\/p>\n<p>Operacioni, nga Komisariati i Policis\u00eb Ku\u00e7ov\u00eb, n\u00eb bashk\u00ebpunim me Komisariatin e Policis\u00eb Sarand\u00eb, n\u00eb drejtimin e Prokuroris\u00eb pran\u00eb Gjykat\u00ebs s\u00eb Shkall\u00ebs s\u00eb Par\u00eb t\u00eb Juridiksionit t\u00eb P\u00ebrgjithsh\u00ebm Berat.  <\/p>\n<p>Shfryt\u00ebzonin nj\u00eb t\u00eb mitur 10 vje\u00e7, me q\u00ebllim p\u00ebrfitimin nga rrjeti social TikTok, duke postuar video t\u00eb tij, me fjal\u00eb denigruese dhe banale, vihen n\u00eb pranga 2 shtetas (babai dhe gjyshja e t\u00eb miturit).      <\/p>\n<p>Specialist\u00ebt e Seksionit p\u00ebr Hetimin e Krimeve t\u00eb Komisariatit t\u00eb Policis\u00eb Ku\u00e7ov\u00eb, pas kall\u00ebzimit t\u00eb marr\u00eb n\u00eb muajin dhjetor 2023, nga shtetasja E. A., se ish-bashk\u00ebshorti i saj dhe n\u00ebna e tij, postonin n\u00eb rrjetin social TikTok, video ku shfaqej djali i saj i mitur 10 vje\u00e7, duke p\u00ebrdorur fjal\u00eb denigruese dhe banale, menj\u00ebher\u00eb kan\u00eb referuar materialet n\u00eb Prokurorin\u00eb pran\u00eb Gjykat\u00ebs s\u00eb Shkall\u00ebs s\u00eb Par\u00eb t\u00eb Juridiksionit t\u00eb P\u00ebrgjithsh\u00ebm Berat, e cila regjistroi procedimin penal p\u00ebr k\u00ebt\u00eb rast.       <\/p>\n<p>Si rezultat i hetimeve dymujore me metoda proaktive, u b\u00eb shpallja n\u00eb k\u00ebrkim e shtetasve A. K. dhe N. R.    <\/p>\n<p>Pas sigurimit t\u00eb inteligjenc\u00ebs policore, nga specialist\u00ebt p\u00ebr Hetimin e Krimeve t\u00eb Komisariatit t\u00eb Policis\u00eb Ku\u00e7ov\u00eb, p\u00ebr vendndodhjen e k\u00ebtyre 2 shtetasve, u organizua n\u00eb bashk\u00ebpunim me Komisariatin e Policis\u00eb Sarand\u00eb, operacioni policor i koduar \u201cShow\u201d.   <\/p>\n<p>N\u00eb kuad\u00ebr t\u00eb operacionit, u kap\u00ebn n\u00eb Sarand\u00eb, 2 shtetasit e shpallur n\u00eb k\u00ebrkim, t\u00eb cil\u00ebt m\u00eb pas u shoq\u00ebruan n\u00eb Komisariatin e Policis\u00eb Ku\u00e7ov\u00eb, p\u00ebr veprime t\u00eb m\u00ebtejshme procedurale.   <\/p>\n<p>N\u00eb p\u00ebrfundim t\u00eb veprimeve t\u00eb kryera n\u00eb drejtimin e Prokuroris\u00eb pran\u00eb Gjykat\u00ebs s\u00eb Shkall\u00ebs s\u00eb Par\u00eb t\u00eb Juridiksionit t\u00eb P\u00ebrgjithsh\u00ebm Berat, specialist\u00ebt p\u00ebr Hetimin e Krimeve t\u00eb Komisariatit t\u00eb Policis\u00eb Ku\u00e7ov\u00eb kan\u00eb ndaluar shtetasit A. K., 44 vje\u00e7 dhe N. R., 67 vje\u00e7e, t\u00eb dy banues n\u00eb Sarand\u00eb.  <\/p>\n<p>Materialet procedurale i kaluan Prokuroris\u00eb pran\u00eb Gjykat\u00ebs s\u00eb Shkall\u00ebs s\u00eb Par\u00eb t\u00eb Juridiksionit t\u00eb P\u00ebrgjithsh\u00ebm Berat, p\u00ebr veprime t\u00eb m\u00ebtejshme.<\/p>\n","protected":false},"excerpt":{"rendered":"<p>Njoftimi plot\u00eb: Finalizohet pas 2 muajsh hetime me metoda proaktive, operacioni policor i koduar &#8220;Show&#8221;. Operacioni, nga Komisariati i Policis\u00eb Ku\u00e7ov\u00eb, n\u00eb bashk\u00ebpunim me Komisariatin e Policis\u00eb Sarand\u00eb, n\u00eb drejtimin e Prokuroris\u00eb pran\u00eb Gjykat\u00ebs s\u00eb Shkall\u00ebs s\u00eb Par\u00eb t\u00eb Juridiksionit t\u00eb P\u00ebrgjithsh\u00ebm Berat. Shfryt\u00ebzonin nj\u00eb t\u00eb mitur 10 vje\u00e7, me q\u00ebllim p\u00ebrfitimin nga rrjeti social [&hellip;]<\/p>\n","protected":false},"author":2,"featured_media":70917,"comment_status":"open","ping_status":"open","sticky":false,"template":"","format":"standard","meta":{"footnotes":""},"categories":[117],"tags":[27],"class_list":{"0":"post-70916","1":"post","2":"type-post","3":"status-publish","4":"format-standard","5":"has-post-thumbnail","7":"category-aktualitet","8":"tag-lajme"},"_links":{"self":[{"href":"https:\/\/neutrale.al\/index.php\/wp-json\/wp\/v2\/posts\/70916","targetHints":{"allow":["GET"]}}],"collection":[{"href":"https:\/\/neutrale.al\/index.php\/wp-json\/wp\/v2\/posts"}],"about":[{"href":"https:\/\/neutrale.al\/index.php\/wp-json\/wp\/v2\/types\/post"}],"author":[{"embeddable":true,"href":"https:\/\/neutrale.al\/index.php\/wp-json\/wp\/v2\/users\/2"}],"replies":[{"embeddable":true,"href":"https:\/\/neutrale.al\/index.php\/wp-json\/wp\/v2\/comments?post=70916"}],"version-history":[{"count":1,"href":"https:\/\/neutrale.al\/index.php\/wp-json\/wp\/v2\/posts\/70916\/revisions"}],"predecessor-version":[{"id":70918,"href":"https:\/\/neutrale.al\/index.php\/wp-json\/wp\/v2\/posts\/70916\/revisions\/70918"}],"wp:featuredmedia":[{"embeddable":true,"href":"https:\/\/neutrale.al\/index.php\/wp-json\/wp\/v2\/media\/70917"}],"wp:attachment":[{"href":"https:\/\/neutrale.al\/index.php\/wp-json\/wp\/v2\/media?parent=70916"}],"wp:term":[{"taxonomy":"category","embeddable":true,"href":"https:\/\/neutrale.al\/index.php\/wp-json\/wp\/v2\/categories?post=70916"},{"taxonomy":"post_tag","embeddable":true,"href":"https:\/\/neutrale.al\/index.php\/wp-json\/wp\/v2\/tags?post=70916"}],"curies":[{"name":"wp","href":"https:\/\/api.w.org\/{rel}","templated":true}]}}