{"id":70911,"date":"2024-02-21T11:45:12","date_gmt":"2024-02-21T11:45:12","guid":{"rendered":"https:\/\/neutrale.al\/?p=70911"},"modified":"2024-02-21T11:45:12","modified_gmt":"2024-02-21T11:45:12","slug":"arbitri-nderkombetar-i-fifa-s-muhamed-khattab-u-vra-ne-sulmin-izraelit","status":"publish","type":"post","link":"https:\/\/neutrale.al\/index.php\/2024\/02\/21\/arbitri-nderkombetar-i-fifa-s-muhamed-khattab-u-vra-ne-sulmin-izraelit\/","title":{"rendered":"Arbitri nd\u00ebrkomb\u00ebtar i FIFA-s, Muhamed Khattab u vra n\u00eb sulmin izraelit"},"content":{"rendered":"<p>ALBAWABA &#8211; Ndihm\u00ebs arbitri nd\u00ebrkomb\u00ebtar Muhammad Khattab u vra n\u00eb nj\u00eb sulm ajror izraelit n\u00eb Rripin e Gaz\u00ebs, raportoi t\u00eb m\u00ebrkur\u00ebn Rrjeti i lajmeve Quds. Sipas mediave palestineze, ndihm\u00ebs arbitri nd\u00ebrkomb\u00ebtar \u00ebsht\u00eb vrar\u00eb s\u00eb bashku me gjith\u00eb familjen e tij mbr\u00ebm\u00eb n\u00eb Deir al Balah. Rrjeti i lajmeve Quds postoi n\u00eb X (ish Twitter): &#8220;Sulmet izraelite vran\u00eb mbr\u00ebm\u00eb asistentin nd\u00ebrkomb\u00ebtar Muhamed Khattab s\u00eb bashku me t\u00eb gjith\u00eb familjen e tij.&#8221;<\/p>\n<p>Ndikuesi i mediave sociale Adham Abu Selmiya shkroi n\u00eb llogarin\u00eb e tij X: &#8220;Arbitri nd\u00ebrkomb\u00ebtar palestinez Muhammad Khattab u martirizua pasi sht\u00ebpia e familjes s\u00eb tij n\u00eb Deir al-Balah n\u00eb Rripin qendror t\u00eb Gaz\u00ebs u vu n\u00eb sh\u00ebnjest\u00ebr, n\u00eb nj\u00eb masak\u00ebr t\u00eb re t\u00eb kryer nga okupimi. Khattab \u00ebsht\u00eb nj\u00eb nga gjyqtar\u00ebt e akredituar nga Konfederatat Aziatike dhe Nd\u00ebrkomb\u00ebtare t\u00eb Futbollit, dhe ai ka marr\u00eb pjes\u00eb n\u00eb menaxhimin e nj\u00eb numri kampionatesh aziatike dhe arabe q\u00eb nga akreditimi i tij n\u00eb 2020.&#8221; Sulmet ajrore t\u00eb Izraelit n\u00eb Gaza kan\u00eb vrar\u00eb t\u00eb pakt\u00ebn 29,195 njer\u00ebz, sipas t\u00eb dh\u00ebnave t\u00eb fundit t\u00eb publikuara nga ministria e sh\u00ebndet\u00ebsis\u00eb n\u00eb Rrip. Megjithat\u00eb, m\u00eb shum\u00eb se 69,170 palestinez\u00eb t\u00eb tjer\u00eb u plagos\u00ebn n\u00eb sulmet e pand\u00ebrprera nga Izraeli q\u00eb nga 7 tetori 2023. <\/p>\n<p>Operacioni i P\u00ebrmbytjes s\u00eb Al-Aksa kund\u00ebr Izraelit<\/p>\n<p>Grupi ushtarak Hamas njoftoi m\u00eb 7 tetor nj\u00eb operacion ushtarak t\u00eb quajtur &#8220;P\u00ebrmbytja Al-Aksa&#8221; kund\u00ebr Izraelit, i cili \u00ebsht\u00eb ofensiva m\u00eb e madhe n\u00eb dekada. Luft\u00ebtar\u00ebt palestinez\u00eb &#8220;infiltruan&#8221; Izraelin nga Rripi i Gaz\u00ebs, pushtuan bazat ushtarake dhe mor\u00ebn pengje nd\u00ebrsa fotot dhe videot u b\u00ebn\u00eb virale n\u00eb internet q\u00eb tregonin luft\u00ebtar\u00ebt e Hamasit n\u00eb automjete brenda Izraelit dhe t\u00eb tjer\u00eb q\u00eb fluturonin me paraglaj n\u00eb territorin okupues. Si kund\u00ebrp\u00ebrgjigje, forcat e armatosura izraelite njoftuan se synonin pozicionet e Hamasit brenda Rripit t\u00eb Gaz\u00ebs duke vrar\u00eb dhjet\u00ebra mij\u00ebra.<br \/>\nNga albawaba.net<\/p>\n<p><img loading=\"lazy\" loading=\"lazy\" decoding=\"async\" src=\"https:\/\/neutrale.al\/wp-content\/uploads\/2024\/02\/4ee8ea4a-b40e-4a8a-824b-efd1cd85976a-202x300.jpeg\" alt=\"\" width=\"202\" height=\"300\" class=\"alignnone size-medium wp-image-70912\" srcset=\"https:\/\/neutrale.al\/wp-content\/uploads\/2024\/02\/4ee8ea4a-b40e-4a8a-824b-efd1cd85976a-202x300.jpeg 202w, https:\/\/neutrale.al\/wp-content\/uploads\/2024\/02\/4ee8ea4a-b40e-4a8a-824b-efd1cd85976a-690x1024.jpeg 690w, https:\/\/neutrale.al\/wp-content\/uploads\/2024\/02\/4ee8ea4a-b40e-4a8a-824b-efd1cd85976a-768x1140.jpeg 768w, https:\/\/neutrale.al\/wp-content\/uploads\/2024\/02\/4ee8ea4a-b40e-4a8a-824b-efd1cd85976a-1035x1536.jpeg 1035w, https:\/\/neutrale.al\/wp-content\/uploads\/2024\/02\/4ee8ea4a-b40e-4a8a-824b-efd1cd85976a-860x1277.jpeg 860w, https:\/\/neutrale.al\/wp-content\/uploads\/2024\/02\/4ee8ea4a-b40e-4a8a-824b-efd1cd85976a.jpeg 1077w\" sizes=\"auto, (max-width: 202px) 100vw, 202px\" \/><\/p>\n","protected":false},"excerpt":{"rendered":"<p>ALBAWABA &#8211; Ndihm\u00ebs arbitri nd\u00ebrkomb\u00ebtar Muhammad Khattab u vra n\u00eb nj\u00eb sulm ajror izraelit n\u00eb Rripin e Gaz\u00ebs, raportoi t\u00eb m\u00ebrkur\u00ebn Rrjeti i lajmeve Quds. Sipas mediave palestineze, ndihm\u00ebs arbitri nd\u00ebrkomb\u00ebtar \u00ebsht\u00eb vrar\u00eb s\u00eb bashku me gjith\u00eb familjen e tij mbr\u00ebm\u00eb n\u00eb Deir al Balah. Rrjeti i lajmeve Quds postoi n\u00eb X (ish Twitter): &#8220;Sulmet [&hellip;]<\/p>\n","protected":false},"author":2,"featured_media":70913,"comment_status":"open","ping_status":"open","sticky":false,"template":"","format":"standard","meta":{"footnotes":""},"categories":[12],"tags":[27],"class_list":{"0":"post-70911","1":"post","2":"type-post","3":"status-publish","4":"format-standard","5":"has-post-thumbnail","7":"category-bota","8":"tag-lajme"},"_links":{"self":[{"href":"https:\/\/neutrale.al\/index.php\/wp-json\/wp\/v2\/posts\/70911","targetHints":{"allow":["GET"]}}],"collection":[{"href":"https:\/\/neutrale.al\/index.php\/wp-json\/wp\/v2\/posts"}],"about":[{"href":"https:\/\/neutrale.al\/index.php\/wp-json\/wp\/v2\/types\/post"}],"author":[{"embeddable":true,"href":"https:\/\/neutrale.al\/index.php\/wp-json\/wp\/v2\/users\/2"}],"replies":[{"embeddable":true,"href":"https:\/\/neutrale.al\/index.php\/wp-json\/wp\/v2\/comments?post=70911"}],"version-history":[{"count":2,"href":"https:\/\/neutrale.al\/index.php\/wp-json\/wp\/v2\/posts\/70911\/revisions"}],"predecessor-version":[{"id":70915,"href":"https:\/\/neutrale.al\/index.php\/wp-json\/wp\/v2\/posts\/70911\/revisions\/70915"}],"wp:featuredmedia":[{"embeddable":true,"href":"https:\/\/neutrale.al\/index.php\/wp-json\/wp\/v2\/media\/70913"}],"wp:attachment":[{"href":"https:\/\/neutrale.al\/index.php\/wp-json\/wp\/v2\/media?parent=70911"}],"wp:term":[{"taxonomy":"category","embeddable":true,"href":"https:\/\/neutrale.al\/index.php\/wp-json\/wp\/v2\/categories?post=70911"},{"taxonomy":"post_tag","embeddable":true,"href":"https:\/\/neutrale.al\/index.php\/wp-json\/wp\/v2\/tags?post=70911"}],"curies":[{"name":"wp","href":"https:\/\/api.w.org\/{rel}","templated":true}]}}