{"id":70902,"date":"2024-02-21T11:29:00","date_gmt":"2024-02-21T11:29:00","guid":{"rendered":"https:\/\/neutrale.al\/?p=70902"},"modified":"2024-02-21T11:29:00","modified_gmt":"2024-02-21T11:29:00","slug":"ambasadorja-e-republikes-se-shqiperise-ne-greqi-znj-luela-hajdaraga-eshte-pritur-ne-nje-takim-nga-ministrja-e-brendshme-e-republikes-greke-znj-niki-kerameus","status":"publish","type":"post","link":"https:\/\/neutrale.al\/index.php\/2024\/02\/21\/ambasadorja-e-republikes-se-shqiperise-ne-greqi-znj-luela-hajdaraga-eshte-pritur-ne-nje-takim-nga-ministrja-e-brendshme-e-republikes-greke-znj-niki-kerameus\/","title":{"rendered":"Ambasadorja e Republik\u00ebs s\u00eb Shqip\u00ebris\u00eb n\u00eb Greqi, znj. Luela Hajdaraga \u00ebsht\u00eb pritur n\u00eb nj\u00eb takim nga Ministrja e Brendshme e Republik\u00ebs Greke, znj. Niki Kerameus."},"content":{"rendered":"<p>Gjat\u00eb takimit u shk\u00ebmbyen mendime mbi zgjerimin e bashk\u00ebpunimit ???????????????? mes dy vendeve, n\u00eb fushat e kompetenc\u00ebs s\u00eb k\u00ebsaj ministrie, si: administrata publike, pushteti vendor, apo vota e diaspor\u00ebs. Nj\u00eb vend t\u00eb ve\u00e7ant\u00eb n\u00eb k\u00ebt\u00eb takim zun\u00eb \u00e7\u00ebshtjet q\u00eb prekin komunitetin shqiptar n\u00eb Greqi &#8211; si\u00e7 \u00ebsht\u00eb ajo e fitimit t\u00eb shtet\u00ebsis\u00eb greke &#8211; p\u00ebr t\u00eb cil\u00ebn Ambasadorja Hajdaraga paraqiti problematikat dhe theksoi nevoj\u00ebn e leht\u00ebsimit t\u00eb kritereve. <\/p>\n<p>Ministrja Kerameos shprehu mir\u00ebkuptim dhe siguroi p\u00ebr mb\u00ebshtetjen e saj.<\/p>\n<p>Ministria p\u00ebr Evrop\u00ebn dhe Pun\u00ebt e Jashtme &#8211; Republika e Shqip\u00ebris\u00eb<\/p>\n","protected":false},"excerpt":{"rendered":"<p>Gjat\u00eb takimit u shk\u00ebmbyen mendime mbi zgjerimin e bashk\u00ebpunimit ???????????????? mes dy vendeve, n\u00eb fushat e kompetenc\u00ebs s\u00eb k\u00ebsaj ministrie, si: administrata publike, pushteti vendor, apo vota e diaspor\u00ebs. Nj\u00eb vend t\u00eb ve\u00e7ant\u00eb n\u00eb k\u00ebt\u00eb takim zun\u00eb \u00e7\u00ebshtjet q\u00eb prekin komunitetin shqiptar n\u00eb Greqi &#8211; si\u00e7 \u00ebsht\u00eb ajo e fitimit t\u00eb shtet\u00ebsis\u00eb greke &#8211; p\u00ebr [&hellip;]<\/p>\n","protected":false},"author":2,"featured_media":70903,"comment_status":"open","ping_status":"open","sticky":false,"template":"","format":"standard","meta":{"footnotes":""},"categories":[6],"tags":[],"class_list":{"0":"post-70902","1":"post","2":"type-post","3":"status-publish","4":"format-standard","5":"has-post-thumbnail","7":"category-rajoni"},"_links":{"self":[{"href":"https:\/\/neutrale.al\/index.php\/wp-json\/wp\/v2\/posts\/70902","targetHints":{"allow":["GET"]}}],"collection":[{"href":"https:\/\/neutrale.al\/index.php\/wp-json\/wp\/v2\/posts"}],"about":[{"href":"https:\/\/neutrale.al\/index.php\/wp-json\/wp\/v2\/types\/post"}],"author":[{"embeddable":true,"href":"https:\/\/neutrale.al\/index.php\/wp-json\/wp\/v2\/users\/2"}],"replies":[{"embeddable":true,"href":"https:\/\/neutrale.al\/index.php\/wp-json\/wp\/v2\/comments?post=70902"}],"version-history":[{"count":1,"href":"https:\/\/neutrale.al\/index.php\/wp-json\/wp\/v2\/posts\/70902\/revisions"}],"predecessor-version":[{"id":70904,"href":"https:\/\/neutrale.al\/index.php\/wp-json\/wp\/v2\/posts\/70902\/revisions\/70904"}],"wp:featuredmedia":[{"embeddable":true,"href":"https:\/\/neutrale.al\/index.php\/wp-json\/wp\/v2\/media\/70903"}],"wp:attachment":[{"href":"https:\/\/neutrale.al\/index.php\/wp-json\/wp\/v2\/media?parent=70902"}],"wp:term":[{"taxonomy":"category","embeddable":true,"href":"https:\/\/neutrale.al\/index.php\/wp-json\/wp\/v2\/categories?post=70902"},{"taxonomy":"post_tag","embeddable":true,"href":"https:\/\/neutrale.al\/index.php\/wp-json\/wp\/v2\/tags?post=70902"}],"curies":[{"name":"wp","href":"https:\/\/api.w.org\/{rel}","templated":true}]}}