{"id":70886,"date":"2024-02-21T10:55:19","date_gmt":"2024-02-21T10:55:19","guid":{"rendered":"https:\/\/neutrale.al\/?p=70886"},"modified":"2024-02-21T10:55:19","modified_gmt":"2024-02-21T10:55:19","slug":"kreu-i-legalitetit-axhami-pas-33-vitesh-asgje-si-duhej-cdo-gje-e-rrezikuar-duhet-monarki-kushtetuese","status":"publish","type":"post","link":"https:\/\/neutrale.al\/index.php\/2024\/02\/21\/kreu-i-legalitetit-axhami-pas-33-vitesh-asgje-si-duhej-cdo-gje-e-rrezikuar-duhet-monarki-kushtetuese\/","title":{"rendered":"Kreu i Legalitetit, Axhami: Pas 33-vitesh, asgj\u00eb si duhej, \u00e7do gj\u00eb e rr\u00ebzikuar! Duhet Monarki Kushtetuese&#8230;"},"content":{"rendered":"<p>Kryetari i Partis\u00eb L\u00ebvizja e Legalitetit, Shp\u00ebtim Axhami n\u00eb nj\u00eb analiz\u00eb q\u00eb i b\u00ebn situat\u00ebs s\u00eb vendit n\u00eb k\u00ebto 33 vite postkomuniste, arrin n\u00eb p\u00ebrfundimin se, pak gj\u00ebra kan\u00eb ndryshuar.<\/p>\n<p>Zgjidhja, simbas ti, mbetet rikthimi i Monarkis\u00eb Kushtetuese.<\/p>\n<p>Reagimi i plot\u00eb i tij:<\/p>\n<p>Pas 33-vitesh, asgj\u00eb si duhej \u00e7do gj\u00eb e rr\u00ebzikuar!<\/p>\n<p>Dje dita e rr\u00ebzimit t\u00eb bustit t\u00eb doktatorit Hoxha,  dita simbol e rr\u00ebzimit t\u00eb diktatur\u00ebs komuniste dhe e daljes prej izolimit vrastar nga m\u00eb i egri n\u00eb Europn Lindore q\u00eb mbolli p\u00ebr rreth 50-vjet vet\u00ebm vuatje e varf\u00ebri.<\/p>\n<p>P\u00ebr 33-vite me gjith\u00eb arritjet e b\u00ebra si l\u00ebvizja e lir\u00eb, antar\u00ebsimi n\u00eb NATO, e drejta e fjal\u00ebs s\u00eb lir\u00eb dhe ajo e shkollimit, sot n\u00eb t\u00eb v\u00ebrtet\u00eb zhg\u00ebnjim, demokracia e rrezikuar, ekonomi e dob\u00ebt, vendi po shpopullohet.<\/p>\n<p>Rr\u00ebzimin e diktatur\u00ebs, byroist\u00ebt, sigurimi i shtetit e \u00e7do falang\u00eb tjet\u00ebr e rr\u00ebzikshme e regjimit diktatorial hoxhist, t\u00eb b\u00ebr\u00eb bllok, kurr\u00eb nuk mund e do e pranonin pavarsisht se ajo kishte ndodhur.<\/p>\n<p>Mos dekomunistizimi e mos hapja e dosjeve duke mos d\u00ebnuar krimet e komunizmit dhe ata q\u00eb i shkaktuan ato b\u00ebn\u00eb q\u00eb metastazat e tij t\u00eb mbeten prezent n\u00eb parlament, qeveri, drejtesi e kudo.<\/p>\n<p>Kapja e shtetit dhe e \u00e7do institucioni kushtetues prej tyre p\u00ebrgjat\u00eb k\u00ebtyre 33-viteve b\u00ebn\u00eb q\u00eb reformat dhe demokracia t\u00eb mbeten t\u00eb brishta e \u00e7do ligjshm\u00ebri e miratuar t\u00eb jet\u00eb e parap\u00ebrcaktuar me interes.<\/p>\n<p>Historia nuk u shkruajt si duhet, vazhdon indroktinimi n\u00eb shkolla dhe me mjetet t\u00eb tjera, ku formacionet politike t\u00eb para vitit \u201844 q\u00ebllimisht u penguar n\u00eb jet\u00ebn e tyre programore politike pavarsisht pluralizmit.<\/p>\n<p>Demokracia e zhvillimi i vendit do t\u00eb ishin shum\u00eb m\u00eb ndryshe n\u00ebse drejtimi i shtetit n\u00eb form\u00eb e p\u00ebrmbatje do e kishin baz\u00ebn dhe themelin nga aty dhe prej atyre t\u00eb para vitit 1939 me nj\u00eb sistem Monarki Kushtetuese.<\/p>\n<p>A duhet t\u00eb t\u00ebrhiqemi e t\u00eb dor\u00ebzohemi p\u00ebrball\u00eb k\u00ebsaj situate nga e cila vendi e ne rrezikohemi sot, KURR\u00cb JO DHE JO, gjendja aktuale sociale, politike dhe ekonomike duhet t\u00eb na motivojn\u00eb e t\u00eb na japin kurajo.<\/p>\n<p>T\u00eb gjith\u00eb ata q\u00eb duan q\u00eb vendi t\u00eb b\u00ebhet dhe t\u00eb mos shpopullohet, inteligjenca, rinia, ato shtresa q\u00eb deri dje vuajt\u00ebn p\u00ebr liri e p\u00ebr nj\u00eb shtet demokratik duhet t\u00eb reflektojn\u00eb e t\u00eb bashkohen p\u00ebr ndryshime t\u00eb shpejta.<\/p>\n<p>Sot \u00ebsht\u00eb momenti q\u00eb t\u00eb mposhtim frik\u00ebn e t\u00eb ngjallim shpres\u00ebn t\u00eb l\u00ebm\u00eb me nj\u00eb an\u00eb zhg\u00ebnjimin e t\u00eb rrisim besimin se vendi b\u00ebhet e at\u00eb do e b\u00ebjm\u00eb vet\u00eb ne shqiptar\u00ebt, e djathta e v\u00ebrtet\u00eb shqiptare.<\/p>\n<p>Bashkohu edhe Ti, Bashkohu me Legalitetin!<\/p>\n","protected":false},"excerpt":{"rendered":"<p>Kryetari i Partis\u00eb L\u00ebvizja e Legalitetit, Shp\u00ebtim Axhami n\u00eb nj\u00eb analiz\u00eb q\u00eb i b\u00ebn situat\u00ebs s\u00eb vendit n\u00eb k\u00ebto 33 vite postkomuniste, arrin n\u00eb p\u00ebrfundimin se, pak gj\u00ebra kan\u00eb ndryshuar. Zgjidhja, simbas ti, mbetet rikthimi i Monarkis\u00eb Kushtetuese. Reagimi i plot\u00eb i tij: Pas 33-vitesh, asgj\u00eb si duhej \u00e7do gj\u00eb e rr\u00ebzikuar! Dje dita e [&hellip;]<\/p>\n","protected":false},"author":2,"featured_media":70887,"comment_status":"open","ping_status":"open","sticky":false,"template":"","format":"standard","meta":{"footnotes":""},"categories":[9],"tags":[],"class_list":{"0":"post-70886","1":"post","2":"type-post","3":"status-publish","4":"format-standard","5":"has-post-thumbnail","7":"category-politika"},"_links":{"self":[{"href":"https:\/\/neutrale.al\/index.php\/wp-json\/wp\/v2\/posts\/70886","targetHints":{"allow":["GET"]}}],"collection":[{"href":"https:\/\/neutrale.al\/index.php\/wp-json\/wp\/v2\/posts"}],"about":[{"href":"https:\/\/neutrale.al\/index.php\/wp-json\/wp\/v2\/types\/post"}],"author":[{"embeddable":true,"href":"https:\/\/neutrale.al\/index.php\/wp-json\/wp\/v2\/users\/2"}],"replies":[{"embeddable":true,"href":"https:\/\/neutrale.al\/index.php\/wp-json\/wp\/v2\/comments?post=70886"}],"version-history":[{"count":1,"href":"https:\/\/neutrale.al\/index.php\/wp-json\/wp\/v2\/posts\/70886\/revisions"}],"predecessor-version":[{"id":70888,"href":"https:\/\/neutrale.al\/index.php\/wp-json\/wp\/v2\/posts\/70886\/revisions\/70888"}],"wp:featuredmedia":[{"embeddable":true,"href":"https:\/\/neutrale.al\/index.php\/wp-json\/wp\/v2\/media\/70887"}],"wp:attachment":[{"href":"https:\/\/neutrale.al\/index.php\/wp-json\/wp\/v2\/media?parent=70886"}],"wp:term":[{"taxonomy":"category","embeddable":true,"href":"https:\/\/neutrale.al\/index.php\/wp-json\/wp\/v2\/categories?post=70886"},{"taxonomy":"post_tag","embeddable":true,"href":"https:\/\/neutrale.al\/index.php\/wp-json\/wp\/v2\/tags?post=70886"}],"curies":[{"name":"wp","href":"https:\/\/api.w.org\/{rel}","templated":true}]}}