{"id":70833,"date":"2024-02-20T14:05:12","date_gmt":"2024-02-20T14:05:12","guid":{"rendered":"https:\/\/neutrale.al\/?p=70833"},"modified":"2024-02-20T14:05:12","modified_gmt":"2024-02-20T14:05:12","slug":"cevdet-caner-50-vjec-me-origjine-kurde-dhe-shtetesi-austriake-eshte-investitori-strategjike-i-radhes-qe-kryeministri-edi-rama-ka-shpallur-se-fundmi","status":"publish","type":"post","link":"https:\/\/neutrale.al\/index.php\/2024\/02\/20\/cevdet-caner-50-vjec-me-origjine-kurde-dhe-shtetesi-austriake-eshte-investitori-strategjike-i-radhes-qe-kryeministri-edi-rama-ka-shpallur-se-fundmi\/","title":{"rendered":"Cevdet Caner 50 vje\u00e7 me origjin\u00eb Kurde dhe shtet\u00ebsi Austriake, \u00ebsht\u00eb Investitori Strategjik\u00eb i radh\u00ebs q\u00eb Kryeministri Edi Rama ka shpallur s\u00eb fundmi."},"content":{"rendered":"<p>Nga Av. Kujtim Cakrani<\/p>\n<p>Kurdo-Austriakut Caner, Edi Rama i ka dh\u00ebn\u00eb p\u00ebr t\u00eb nd\u00ebrruar resort turistik\u00eb gjith\u00eb bregdetin e Divjak\u00ebs, nga emisari Myzeqes\u00eb deri n\u00eb Lumin Shkumbin.<\/p>\n<p>Natyrisht Caner k\u00ebrkon t\u00eb b\u00ebj biznes, por problemi \u00ebsht\u00eb se Kryeministri po sillet me tok\u00ebn e pronarit ligjsh\u00ebm si bandit\u00eb.<br \/>\nNuk \u00ebsht\u00eb par\u00eb dhe d\u00ebgjuar deri m\u00eb sot q\u00eb t&#8217;i jepet mij\u00ebra hektar\u00eb nj\u00eb biznesmeni t\u00eb huaj duke ja grabitur at\u00eb pronarit.<\/p>\n<p>S&#8217;ka m\u00eb \u00e7udi q\u00eb Kryeministri shqip\u00ebris\u00eb dhe qeveria shqiptare \u00ebsht\u00eb organizat\u00eb kriminale dhe plot\u00ebson t\u00eb gjitha kushtet q\u00eb p\u00ebrcaktohet n\u00eb nenet 333-28 t\u00eb kodit penal.<\/p>\n","protected":false},"excerpt":{"rendered":"<p>Nga Av. Kujtim Cakrani Kurdo-Austriakut Caner, Edi Rama i ka dh\u00ebn\u00eb p\u00ebr t\u00eb nd\u00ebrruar resort turistik\u00eb gjith\u00eb bregdetin e Divjak\u00ebs, nga emisari Myzeqes\u00eb deri n\u00eb Lumin Shkumbin. Natyrisht Caner k\u00ebrkon t\u00eb b\u00ebj biznes, por problemi \u00ebsht\u00eb se Kryeministri po sillet me tok\u00ebn e pronarit ligjsh\u00ebm si bandit\u00eb. Nuk \u00ebsht\u00eb par\u00eb dhe d\u00ebgjuar deri m\u00eb sot [&hellip;]<\/p>\n","protected":false},"author":2,"featured_media":70835,"comment_status":"open","ping_status":"open","sticky":false,"template":"","format":"standard","meta":{"footnotes":""},"categories":[1],"tags":[],"class_list":{"0":"post-70833","1":"post","2":"type-post","3":"status-publish","4":"format-standard","5":"has-post-thumbnail","7":"category-te-tjera"},"_links":{"self":[{"href":"https:\/\/neutrale.al\/index.php\/wp-json\/wp\/v2\/posts\/70833","targetHints":{"allow":["GET"]}}],"collection":[{"href":"https:\/\/neutrale.al\/index.php\/wp-json\/wp\/v2\/posts"}],"about":[{"href":"https:\/\/neutrale.al\/index.php\/wp-json\/wp\/v2\/types\/post"}],"author":[{"embeddable":true,"href":"https:\/\/neutrale.al\/index.php\/wp-json\/wp\/v2\/users\/2"}],"replies":[{"embeddable":true,"href":"https:\/\/neutrale.al\/index.php\/wp-json\/wp\/v2\/comments?post=70833"}],"version-history":[{"count":1,"href":"https:\/\/neutrale.al\/index.php\/wp-json\/wp\/v2\/posts\/70833\/revisions"}],"predecessor-version":[{"id":70836,"href":"https:\/\/neutrale.al\/index.php\/wp-json\/wp\/v2\/posts\/70833\/revisions\/70836"}],"wp:featuredmedia":[{"embeddable":true,"href":"https:\/\/neutrale.al\/index.php\/wp-json\/wp\/v2\/media\/70835"}],"wp:attachment":[{"href":"https:\/\/neutrale.al\/index.php\/wp-json\/wp\/v2\/media?parent=70833"}],"wp:term":[{"taxonomy":"category","embeddable":true,"href":"https:\/\/neutrale.al\/index.php\/wp-json\/wp\/v2\/categories?post=70833"},{"taxonomy":"post_tag","embeddable":true,"href":"https:\/\/neutrale.al\/index.php\/wp-json\/wp\/v2\/tags?post=70833"}],"curies":[{"name":"wp","href":"https:\/\/api.w.org\/{rel}","templated":true}]}}