{"id":70823,"date":"2024-02-20T11:34:33","date_gmt":"2024-02-20T11:34:33","guid":{"rendered":"https:\/\/neutrale.al\/?p=70823"},"modified":"2024-02-20T11:34:33","modified_gmt":"2024-02-20T11:34:33","slug":"gjermani-lufthansa-serish-ne-greve","status":"publish","type":"post","link":"https:\/\/neutrale.al\/index.php\/2024\/02\/20\/gjermani-lufthansa-serish-ne-greve\/","title":{"rendered":"Gjermani: Lufthansa s\u00ebrish n\u00eb grev\u00eb"},"content":{"rendered":"<p>Sikurse njofton DW: Pasagjer\u00ebt s\u00ebrish p\u00ebrballen me grev\u00eb tek Lufthansa. Personeli i sh\u00ebrbimit n\u00eb aeroporte t\u00eb disa shoq\u00ebrive t\u00eb Lufthans\u00ebs pezullon sot deri nes\u00ebr pun\u00ebn n\u00eb aeroportet kryesore. P\u00ebrse zhvillohet greva, ku e kur kur ka grev\u00eb?<\/p>\n<p>Sindikata ver.di ka b\u00ebr\u00eb thirrje p\u00ebr grev\u00eb paralajm\u00ebruese t\u00eb mart\u00ebn (20.02.2024) n\u00eb Frankfurt, Mynih, Hamburg, Berlin, Dyseldorf, K\u00ebln-Bon dhe Shtutgart. Greva paralajm\u00ebruese nisi qysh t\u00eb h\u00ebn\u00ebn n\u00eb mbr\u00ebmje nga ora 20:00, konfirmoi sindikata. N\u00eb grev\u00eb jan\u00eb thirrur punonj\u00ebs t\u00eb teknik\u00ebs, logjistik\u00ebs, ngarkes\u00ebs dhe sh\u00ebrbimit t\u00eb IT-s\u00eb, njoftoi drejtuesi i bisedimeve p\u00ebr kontratat e reja t\u00eb pun\u00ebs t\u00eb sindikat\u00ebs ver.di, Marvin Reschinsky.<\/p>\n<p>T\u00eb mart\u00ebn q\u00eb nga ora 04:00 pason zgjerimi i grev\u00ebs edhe me personelin e sh\u00ebrbimit t\u00eb Lufthans\u00ebs n\u00eb aeroportet Frankfurt\/Main, Mynih, Hamburg, Berlin, Dyseldorf, K\u00ebln-Bon dhe Shtutgart. M\u00eb pas do t\u00eb hyn\u00eb n\u00eb grev\u00eb edhe punonj\u00ebsit n\u00eb sektorin e Check-In, n\u00eb portat hyrjes n\u00eb avion si dhe punonj\u00ebs t\u00eb ekipazheve. N\u00eb Mynih u \u00ebsht\u00eb b\u00ebr\u00eb thirrje p\u00ebr t\u00eb marr\u00eb pjes\u00eb n\u00eb grev\u00ebn paralajm\u00ebruese rreth 170 punonj\u00ebsve t\u00eb sh\u00ebrbimit &#8220;t\u00eb pastrimit t\u00eb avion\u00ebve nga akulli dhe t\u00eb t\u00ebrheqjes s\u00eb avion\u00ebve n\u00eb aeroport. Greva do t\u00eb p\u00ebrfundoj\u00eb t\u00eb m\u00ebrkur\u00ebn n\u00eb m\u00ebngjes n\u00eb or\u00ebn 07:00 duke zgjatur gjithsej 35 or\u00eb.<\/p>\n<p>Konflikt p\u00ebr kontratat e reja p\u00ebr personelin e sh\u00ebrbimit n\u00eb aeroporte<\/p>\n<p>Sindikata ver.di nuk \u00ebsht\u00eb e k\u00ebnaqur me ofert\u00ebn e re t\u00eb Luftahn\u00ebs p\u00ebr pagat e reja. N\u00eb mbar\u00eb koncernin jan\u00eb duke vazhduar bisedimet p\u00ebr kontratat e reja, sipas sindikat\u00ebs, p\u00ebr rreth 25.000 punonj\u00ebs t\u00eb Lufthans\u00ebs, t\u00eb cil\u00ebn jan\u00eb t\u00eb pun\u00ebsuar n\u00eb sektor\u00ebt e sh\u00ebrbimit n\u00eb aeroporte si n\u00eb teknik\u00eb, logjistik\u00eb, sh\u00ebrbime inxhinierike dhe operacionale. Lufthansa b\u00ebn fjal\u00eb p\u00ebr rreth 20.000 t\u00eb pun\u00ebsuar n\u00eb k\u00ebta sektor\u00eb. Kjo \u00ebsht\u00eb greva e dyt\u00eb brenda k\u00ebtij viti.\u00a0N\u00eb grev\u00ebn e par\u00eb q\u00eb zgjati 27 or\u00eb u nd\u00ebrpren\u00eb m\u00eb shum\u00eb se 1.000 fluturime, thuajse 90 p\u00ebrqind e udh\u00ebtimeve t\u00eb planifikauara nga Lufthansa.<\/p>\n<p>Bisedimet do t\u00eb vazhdojn\u00eb t\u00eb m\u00ebrkur\u00ebn (21.02.2024). Sindikata e konsideron grev\u00ebn e dyt\u00eb paralajm\u00ebruese si t\u00eb domosdoshme, sepse Lufthansa nuk ka b\u00ebr\u00eb l\u00ebshime n\u00eb bisedimet e zhvilluara deri tani.<\/p>\n<p>Gjat\u00eb grev\u00ebs t\u00eb mart\u00ebn do t\u00eb funksionojn\u00eb vet\u00ebm rreth 10 deri n\u00eb 20 p\u00ebrqind e fluturimeve. Klient\u00ebve koncerni u k\u00ebshillon q\u00eb t\u00eb shkojn\u00eb n\u00eb aeroporte vet\u00ebm n\u00ebse nuk \u00ebsht\u00eb anuluar fluturimi i prenotuar prej tyre. Jan\u00eb pezulluar kryesisht fluturimet brenda Europ\u00ebs, nd\u00ebrsa itineraret nd\u00ebrkontinentale do t\u00eb funksionojn\u00eb normalisht. Pasagjer\u00ebt, q\u00eb kan\u00eb rezervuar fluturime me Lufthans\u00ebn t\u00eb mart\u00ebn informohen nga kompania p\u00ebrmes e-mailit ose aplikacionit t\u00eb Lufthans\u00ebs lidhur me statusin e linj\u00ebs s\u00eb prenotuar. Lufthansa u ofron klient\u00ebve mund\u00ebsin\u00eb e ndryshimit t\u00eb dat\u00ebs s\u00eb fluturimit ose opcionin e udh\u00ebtimit me tren.<\/p>\n<p>\u00a0<\/p>\n","protected":false},"excerpt":{"rendered":"<p>Sikurse njofton DW: Pasagjer\u00ebt s\u00ebrish p\u00ebrballen me grev\u00eb tek Lufthansa. Personeli i sh\u00ebrbimit n\u00eb aeroporte t\u00eb disa shoq\u00ebrive t\u00eb Lufthans\u00ebs pezullon sot deri nes\u00ebr pun\u00ebn n\u00eb aeroportet kryesore. P\u00ebrse zhvillohet greva, ku e kur kur ka grev\u00eb? Sindikata ver.di ka b\u00ebr\u00eb thirrje p\u00ebr grev\u00eb paralajm\u00ebruese t\u00eb mart\u00ebn (20.02.2024) n\u00eb Frankfurt, Mynih, Hamburg, Berlin, Dyseldorf, K\u00ebln-Bon [&hellip;]<\/p>\n","protected":false},"author":2,"featured_media":70824,"comment_status":"open","ping_status":"open","sticky":false,"template":"","format":"standard","meta":{"footnotes":""},"categories":[12],"tags":[27],"class_list":{"0":"post-70823","1":"post","2":"type-post","3":"status-publish","4":"format-standard","5":"has-post-thumbnail","7":"category-bota","8":"tag-lajme"},"_links":{"self":[{"href":"https:\/\/neutrale.al\/index.php\/wp-json\/wp\/v2\/posts\/70823","targetHints":{"allow":["GET"]}}],"collection":[{"href":"https:\/\/neutrale.al\/index.php\/wp-json\/wp\/v2\/posts"}],"about":[{"href":"https:\/\/neutrale.al\/index.php\/wp-json\/wp\/v2\/types\/post"}],"author":[{"embeddable":true,"href":"https:\/\/neutrale.al\/index.php\/wp-json\/wp\/v2\/users\/2"}],"replies":[{"embeddable":true,"href":"https:\/\/neutrale.al\/index.php\/wp-json\/wp\/v2\/comments?post=70823"}],"version-history":[{"count":1,"href":"https:\/\/neutrale.al\/index.php\/wp-json\/wp\/v2\/posts\/70823\/revisions"}],"predecessor-version":[{"id":70825,"href":"https:\/\/neutrale.al\/index.php\/wp-json\/wp\/v2\/posts\/70823\/revisions\/70825"}],"wp:featuredmedia":[{"embeddable":true,"href":"https:\/\/neutrale.al\/index.php\/wp-json\/wp\/v2\/media\/70824"}],"wp:attachment":[{"href":"https:\/\/neutrale.al\/index.php\/wp-json\/wp\/v2\/media?parent=70823"}],"wp:term":[{"taxonomy":"category","embeddable":true,"href":"https:\/\/neutrale.al\/index.php\/wp-json\/wp\/v2\/categories?post=70823"},{"taxonomy":"post_tag","embeddable":true,"href":"https:\/\/neutrale.al\/index.php\/wp-json\/wp\/v2\/tags?post=70823"}],"curies":[{"name":"wp","href":"https:\/\/api.w.org\/{rel}","templated":true}]}}