{"id":70820,"date":"2024-02-20T11:24:12","date_gmt":"2024-02-20T11:24:12","guid":{"rendered":"https:\/\/neutrale.al\/?p=70820"},"modified":"2024-02-20T11:24:12","modified_gmt":"2024-02-20T11:24:12","slug":"renia-e-nivelit-te-vjoses-nxjerr-ne-pah-nje-varke-te-vjeter-lumi-i-lundrueshem-gjate-mesjetes","status":"publish","type":"post","link":"https:\/\/neutrale.al\/index.php\/2024\/02\/20\/renia-e-nivelit-te-vjoses-nxjerr-ne-pah-nje-varke-te-vjeter-lumi-i-lundrueshem-gjate-mesjetes\/","title":{"rendered":"R\u00ebnia e nivelit t\u00eb Vjos\u00ebs nxjerr n\u00eb pah nj\u00eb vark\u00eb t\u00eb vjet\u00ebr. Lumi i lundruesh\u00ebm gjat\u00eb Mesjet\u00ebs"},"content":{"rendered":"<p>R\u00ebnia e nivelit t\u00eb Vjos\u00ebs nxjerr n\u00eb pah nj\u00eb vark\u00eb<br \/>\nThat\u00ebsira e k\u00ebtij dimri dhe r\u00ebnia e nivelit t\u00eb lumit Vjos\u00eb ka nxjerr\u00eb n\u00eb sip\u00ebrfaqe dit\u00ebt e fundit, skeletin e nj\u00eb varke t\u00eb vjet\u00ebr pran\u00eb fshatit Kashisht t\u00eb Bashkis\u00eb Fier.<\/p>\n<p>Mbetjet e vark\u00ebs jan\u00eb pikasur nga barinjt\u00eb e zon\u00ebs, nd\u00ebrsa me sy t\u00eb lir\u00eb duken qarte konstruksioni prej druri, gozhd\u00ebt metalike, te cilat jan\u00eb p\u00ebrdorur nga nd\u00ebrtuesit dhe nj\u00eb shtrese bitumi p\u00ebr hidroizolim.<\/p>\n<p>Sipas studiuesit dhe historianit Ilirjan Gjika, ky mjet lundrues duhet t\u2019i n\u00ebnshtrohet m\u00eb par\u00eb studimit nga specialistet e fush\u00ebs, pasi Vjosa njihet p\u00ebr historin\u00eb e saj t\u00eb vjet\u00ebr n\u00eb lundrimin e brendsh\u00ebm.<\/p>\n<p>Po sipas historianit Gjika, hipotezat p\u00ebr vjet\u00ebrsin\u00eb e saj  mund t\u00eb jen\u00eb t\u00eb shumta pasi dihet tradita shekullore e lundrimit n\u00eb k\u00ebt\u00eb lum\u00eb n\u00eb antikitet dhe mesjet\u00eb dhe k\u00ebt\u00eb e faktojn\u00eb nj\u00eb sere d\u00ebshmish historike.<\/p>\n<p>Nga studimi i skeletit t\u00eb k\u00ebsaj varke, pritet t\u00eb zbulohet m\u00eb shum\u00eb informacion p\u00ebr epok\u00ebn n\u00eb t\u00eb cil\u00ebn lumi Vjose ishte i lundruesh\u00ebm.<\/p>\n","protected":false},"excerpt":{"rendered":"<p>R\u00ebnia e nivelit t\u00eb Vjos\u00ebs nxjerr n\u00eb pah nj\u00eb vark\u00eb That\u00ebsira e k\u00ebtij dimri dhe r\u00ebnia e nivelit t\u00eb lumit Vjos\u00eb ka nxjerr\u00eb n\u00eb sip\u00ebrfaqe dit\u00ebt e fundit, skeletin e nj\u00eb varke t\u00eb vjet\u00ebr pran\u00eb fshatit Kashisht t\u00eb Bashkis\u00eb Fier. Mbetjet e vark\u00ebs jan\u00eb pikasur nga barinjt\u00eb e zon\u00ebs, nd\u00ebrsa me sy t\u00eb lir\u00eb duken [&hellip;]<\/p>\n","protected":false},"author":2,"featured_media":70821,"comment_status":"open","ping_status":"open","sticky":false,"template":"","format":"standard","meta":{"footnotes":""},"categories":[1],"tags":[],"class_list":{"0":"post-70820","1":"post","2":"type-post","3":"status-publish","4":"format-standard","5":"has-post-thumbnail","7":"category-te-tjera"},"_links":{"self":[{"href":"https:\/\/neutrale.al\/index.php\/wp-json\/wp\/v2\/posts\/70820","targetHints":{"allow":["GET"]}}],"collection":[{"href":"https:\/\/neutrale.al\/index.php\/wp-json\/wp\/v2\/posts"}],"about":[{"href":"https:\/\/neutrale.al\/index.php\/wp-json\/wp\/v2\/types\/post"}],"author":[{"embeddable":true,"href":"https:\/\/neutrale.al\/index.php\/wp-json\/wp\/v2\/users\/2"}],"replies":[{"embeddable":true,"href":"https:\/\/neutrale.al\/index.php\/wp-json\/wp\/v2\/comments?post=70820"}],"version-history":[{"count":1,"href":"https:\/\/neutrale.al\/index.php\/wp-json\/wp\/v2\/posts\/70820\/revisions"}],"predecessor-version":[{"id":70822,"href":"https:\/\/neutrale.al\/index.php\/wp-json\/wp\/v2\/posts\/70820\/revisions\/70822"}],"wp:featuredmedia":[{"embeddable":true,"href":"https:\/\/neutrale.al\/index.php\/wp-json\/wp\/v2\/media\/70821"}],"wp:attachment":[{"href":"https:\/\/neutrale.al\/index.php\/wp-json\/wp\/v2\/media?parent=70820"}],"wp:term":[{"taxonomy":"category","embeddable":true,"href":"https:\/\/neutrale.al\/index.php\/wp-json\/wp\/v2\/categories?post=70820"},{"taxonomy":"post_tag","embeddable":true,"href":"https:\/\/neutrale.al\/index.php\/wp-json\/wp\/v2\/tags?post=70820"}],"curies":[{"name":"wp","href":"https:\/\/api.w.org\/{rel}","templated":true}]}}