{"id":70814,"date":"2024-02-20T10:43:28","date_gmt":"2024-02-20T10:43:28","guid":{"rendered":"https:\/\/neutrale.al\/?p=70814"},"modified":"2024-02-20T10:43:28","modified_gmt":"2024-02-20T10:43:28","slug":"erion-kristo-sa-dobet-intelektualet-shqiptare","status":"publish","type":"post","link":"https:\/\/neutrale.al\/index.php\/2024\/02\/20\/erion-kristo-sa-dobet-intelektualet-shqiptare\/","title":{"rendered":"Erion Kristo\/ Sa dob\u00ebt intelektual\u00ebt shqiptar\u00eb!!!"},"content":{"rendered":"<p>Sa dob\u00ebt intelektual\u00ebt shqiptar\u00eb!!!<br \/>\nKan\u00eb b\u00ebr\u00eb nj\u00eb peticion n\u00eb mbrojtje t\u00eb gjuh\u00ebs shqipe dhe shkenc\u00ebs.<br \/>\n1. Bashkohem me thirrjen. Vet\u00ebm se jam \u00e7uditur q\u00eb emri im nuk \u00ebsht\u00eb p\u00ebrfshir\u00eb n\u00eb list\u00ebn e emrave n\u00ebnshkrues, edhe pse e kam mb\u00ebshtetur at\u00eb qysh n\u00eb krye t\u00eb her\u00ebs. \u00cbsht\u00eb zakon i shqiptar\u00ebve q\u00eb t&#8217;i em\u00ebrojn\u00eb intelektual\u00ebt.<br \/>\n2. Kjo pun\u00eb n\u00eb dijenin\u00eb time ka q\u00eb n\u00eb tetor 2023. U desh\u00ebn kat\u00ebr muaj q\u00eb t\u00eb mbyllnin nj\u00eb let\u00ebr. Mendoni pak \u00e7far\u00eb niveli dhe angazhimi.<br \/>\n3. Turpi i turpeve \u00ebsht\u00eb q\u00eb vet\u00eb thirrja ka ng\u00ebr\u00e7 shqipen. Nj\u00eb mori fjal\u00ebsh t\u00eb huaja, t\u00eb panevojshme, q\u00eb kan\u00eb barasvler\u00ebs n\u00eb shqip. Sylesht\u00ebsia \u00ebsht\u00eb nj\u00eb tipar themelor i intelektualeve tuhaf\u00eb shqiptar\u00eb.<br \/>\n4. Nj\u00eb nga arsyet kryesore pse llumi \u00ebsht\u00eb shp\u00ebrfaqur n\u00eb media, \u00ebsht\u00eb se intelektual\u00ebt shqiptar\u00eb nuk flasin, jan\u00eb goj\u00ebky\u00e7ur. Pastaj ankohen p\u00ebr t\u00eb tjer\u00ebt.<br \/>\nNuk po e zgjas m\u00eb, se ka plot gj\u00ebra t\u00eb tjera, por un\u00eb nuk dua t\u00eb b\u00ebhem si ata q\u00eb kritikoj, ndaj them, mb\u00ebshteteni thirrjen!<\/p>\n","protected":false},"excerpt":{"rendered":"<p>Sa dob\u00ebt intelektual\u00ebt shqiptar\u00eb!!! Kan\u00eb b\u00ebr\u00eb nj\u00eb peticion n\u00eb mbrojtje t\u00eb gjuh\u00ebs shqipe dhe shkenc\u00ebs. 1. Bashkohem me thirrjen. Vet\u00ebm se jam \u00e7uditur q\u00eb emri im nuk \u00ebsht\u00eb p\u00ebrfshir\u00eb n\u00eb list\u00ebn e emrave n\u00ebnshkrues, edhe pse e kam mb\u00ebshtetur at\u00eb qysh n\u00eb krye t\u00eb her\u00ebs. \u00cbsht\u00eb zakon i shqiptar\u00ebve q\u00eb t&#8217;i em\u00ebrojn\u00eb intelektual\u00ebt. 2. Kjo [&hellip;]<\/p>\n","protected":false},"author":2,"featured_media":70815,"comment_status":"open","ping_status":"open","sticky":false,"template":"","format":"standard","meta":{"footnotes":""},"categories":[1],"tags":[],"class_list":{"0":"post-70814","1":"post","2":"type-post","3":"status-publish","4":"format-standard","5":"has-post-thumbnail","7":"category-te-tjera"},"_links":{"self":[{"href":"https:\/\/neutrale.al\/index.php\/wp-json\/wp\/v2\/posts\/70814","targetHints":{"allow":["GET"]}}],"collection":[{"href":"https:\/\/neutrale.al\/index.php\/wp-json\/wp\/v2\/posts"}],"about":[{"href":"https:\/\/neutrale.al\/index.php\/wp-json\/wp\/v2\/types\/post"}],"author":[{"embeddable":true,"href":"https:\/\/neutrale.al\/index.php\/wp-json\/wp\/v2\/users\/2"}],"replies":[{"embeddable":true,"href":"https:\/\/neutrale.al\/index.php\/wp-json\/wp\/v2\/comments?post=70814"}],"version-history":[{"count":1,"href":"https:\/\/neutrale.al\/index.php\/wp-json\/wp\/v2\/posts\/70814\/revisions"}],"predecessor-version":[{"id":70816,"href":"https:\/\/neutrale.al\/index.php\/wp-json\/wp\/v2\/posts\/70814\/revisions\/70816"}],"wp:featuredmedia":[{"embeddable":true,"href":"https:\/\/neutrale.al\/index.php\/wp-json\/wp\/v2\/media\/70815"}],"wp:attachment":[{"href":"https:\/\/neutrale.al\/index.php\/wp-json\/wp\/v2\/media?parent=70814"}],"wp:term":[{"taxonomy":"category","embeddable":true,"href":"https:\/\/neutrale.al\/index.php\/wp-json\/wp\/v2\/categories?post=70814"},{"taxonomy":"post_tag","embeddable":true,"href":"https:\/\/neutrale.al\/index.php\/wp-json\/wp\/v2\/tags?post=70814"}],"curies":[{"name":"wp","href":"https:\/\/api.w.org\/{rel}","templated":true}]}}