{"id":70778,"date":"2024-02-19T18:17:52","date_gmt":"2024-02-19T18:17:52","guid":{"rendered":"https:\/\/neutrale.al\/?p=70778"},"modified":"2024-02-19T18:17:52","modified_gmt":"2024-02-19T18:17:52","slug":"historia-frymezuese-prifti-qe-perpiqet-te-mbaje-gjalle-fshatrat-e-zbrazur-nga-emigrimi","status":"publish","type":"post","link":"https:\/\/neutrale.al\/index.php\/2024\/02\/19\/historia-frymezuese-prifti-qe-perpiqet-te-mbaje-gjalle-fshatrat-e-zbrazur-nga-emigrimi\/","title":{"rendered":"Historia frym\u00ebzuese, prifti q\u00eb p\u00ebrpiqet t\u00eb mbaj\u00eb gjall\u00eb fshatrat e zbrazur nga emigrimi"},"content":{"rendered":"<p>Dikur, 7 fshatrat e Ka\u00e7inarit n\u00eb Mirdit\u00eb, g\u00eblonin nga jeta\u2026t\u00eb vendosur n\u00eb nj\u00eb territor t\u00eb thyer, por t\u00eb bekuar me diell e uj\u00eb, n\u00eb k\u00ebt\u00eb zon\u00eb jetonin rreth 7 mij\u00eb banor\u00eb.<\/p>\n<p>Sot banor\u00ebt e p\u00ebrhersh\u00ebm t\u00eb k\u00ebsaj zone jan\u00eb shum\u00eb t\u00eb rrall\u00eb, pasi edhe k\u00ebto fshatra kan\u00eb r\u00ebn\u00eb n\u00eb grack\u00ebn e braktisjes masive. Madje fshati Kuzhnen \u00ebsht\u00eb zhdukur krejt\u00ebsisht, pasi n\u00eb t\u00eb nuk banon m\u00eb askush.<\/p>\n<p>Fshehur mes kodrave t\u00eb shumta, p\u00ebr t\u00eb mb\u00ebrritur n\u00eb Ka\u00e7inarin vet\u00ebm 23 kilometra nga qyteti i Rr\u00ebshenit, t\u00eb duhet m\u00eb shum\u00eb se nj\u00eb or\u00eb, n\u00eb nj\u00eb rrug\u00eb q\u00eb nuk ka par\u00eb kurr\u00eb asfalt me sy\u2026<\/p>\n<p>I harruar nga politika dhe pushtetar\u00ebt, i vetmi vizitor n\u00eb k\u00ebto zona t\u00eb thella \u00ebsht\u00eb prifti katolik Dom Gjergj Meta. Ai vjen \u00e7do t\u00eb shtun\u00eb p\u00ebr tu dh\u00ebn\u00eb ushqim p\u00ebr shpirtin atyre pak q\u00ebndrestar\u00ebve q\u00eb kan\u00eb mbetur n\u00eb tok\u00ebn e t\u00eb par\u00ebve dhe merr me vete gjith\u00eb betej\u00ebn e tyre p\u00ebr t\u00eb mbijetuar.<\/p>\n<p>\u00cbsht\u00eb e shtuna e pashk\u00ebve katolike dhe n\u00eb kish\u00ebn e fshatit Simon ka m\u00eb shum\u00eb njer\u00ebz se zakonisht. Shumica nuk banojn\u00eb prej vitesh m\u00eb k\u00ebtu, por kan\u00eb ardhur t\u00eb festojn\u00eb pashk\u00ebt me prind\u00ebrit. \u2026 N\u00eb k\u00ebt\u00eb fshat nuk ka mbetur m\u00eb asnj\u00eb f\u00ebmij\u00eb pasi nuk ka rrug\u00eb, as shkoll\u00eb e as qend\u00ebr sh\u00ebndet\u00ebsore. Z\u00ebri i t\u00eb vetmes vog\u00eblushe q\u00eb ka ardhur p\u00ebr vizit\u00eb tek gjysh\u00ebrit, e b\u00ebn m\u00eb trondit\u00ebse braktisjen e zon\u00ebs.<\/p>\n<p>Fshati Simon \u00ebsht\u00eb nj\u00eb nd\u00ebr m\u00eb t\u00eb shpopulluarit. Aktualisht k\u00ebtu jetojn\u00eb vet\u00ebm18 familje nga 150 familje q\u00eb jetonin deri n\u00eb vitet 2000. Por edhe k\u00ebto 18 familje nuk e kalojm\u00eb m\u00eb shum\u00eb se tre an\u00ebtar\u00eb secila, ku mosha mesatare \u00ebsht\u00eb diku te 50-60 vje\u00e7.<\/p>\n<p>\u201cPo t\u00eb shohim pjes\u00ebn matan\u00eb lumit, ku jan\u00eb rreth 30 sht\u00ebpia jetojn\u00eb vet\u00ebm 3 familje. Sigurisht n\u00eb k\u00ebto kushte nuk mund t\u00eb jetojn\u00eb m\u00eb shum\u00eb\u201d, u shpreh Dom Gjergj Meta.<br \/>\nDom Gjergj Meta rr\u00ebfen se \u00e7do her\u00eb q\u00eb e merr rrug\u00ebn drejt k\u00ebtyre fshatrave, i mbushet zemra me dhimbje p\u00ebr harres\u00ebn e pakuptimt\u00eb ndaj tyre.<\/p>\n<p>\u201cAta q\u00eb jetojn\u00eb k\u00ebtu duan t\u00eb jetojn\u00eb k\u00ebtu. sepse ato thon\u00eb q\u00eb ky vend jetohet, por ne kemi nevoj\u00eb p\u00ebr nj\u00eb rrug\u00eb, p\u00ebr nj\u00eb shkoll\u00eb, p\u00ebr nj\u00eb ambulanc\u00eb, por kjo tok\u00eb jetohet. Toka \u00ebsht\u00eb e mir\u00eb, fruta, perime, po t\u00eb ishte rruga nga Rr\u00ebsheni k\u00ebtu jan\u00eb vet\u00ebm 20 minuta. K\u00ebtu \u00ebsht\u00eb nj\u00eb mrekulli, gjynah\u201d, tha Dom Gjergj Meta.<\/p>\n<p>N\u00eb fshatin Ka\u00e7inar, q\u00eb \u00ebsht\u00eb qend\u00ebr administrative, t\u00eb vdekurit jan\u00eb m\u00eb t\u00eb shumt\u00eb se t\u00eb gjall\u00ebt e mbetur k\u00ebtu. N\u00eb luft\u00eb me harres\u00ebn, shkolla q\u00eb dikur kishte rreth 300 f\u00ebmij\u00eb, tashm\u00eb ka vet\u00ebm 5 nx\u00ebn\u00ebs. Qendra sh\u00ebndet\u00ebsore \u00ebsht\u00eb krejt\u00ebsisht e amortizuar dhe shenjat e rr\u00ebnimit duken kudo<\/p>\n<p>zgjohushqiptar.info<\/p>\n","protected":false},"excerpt":{"rendered":"<p>Dikur, 7 fshatrat e Ka\u00e7inarit n\u00eb Mirdit\u00eb, g\u00eblonin nga jeta\u2026t\u00eb vendosur n\u00eb nj\u00eb territor t\u00eb thyer, por t\u00eb bekuar me diell e uj\u00eb, n\u00eb k\u00ebt\u00eb zon\u00eb jetonin rreth 7 mij\u00eb banor\u00eb. Sot banor\u00ebt e p\u00ebrhersh\u00ebm t\u00eb k\u00ebsaj zone jan\u00eb shum\u00eb t\u00eb rrall\u00eb, pasi edhe k\u00ebto fshatra kan\u00eb r\u00ebn\u00eb n\u00eb grack\u00ebn e braktisjes masive. Madje fshati [&hellip;]<\/p>\n","protected":false},"author":2,"featured_media":70779,"comment_status":"open","ping_status":"open","sticky":false,"template":"","format":"standard","meta":{"footnotes":""},"categories":[1],"tags":[],"class_list":{"0":"post-70778","1":"post","2":"type-post","3":"status-publish","4":"format-standard","5":"has-post-thumbnail","7":"category-te-tjera"},"_links":{"self":[{"href":"https:\/\/neutrale.al\/index.php\/wp-json\/wp\/v2\/posts\/70778","targetHints":{"allow":["GET"]}}],"collection":[{"href":"https:\/\/neutrale.al\/index.php\/wp-json\/wp\/v2\/posts"}],"about":[{"href":"https:\/\/neutrale.al\/index.php\/wp-json\/wp\/v2\/types\/post"}],"author":[{"embeddable":true,"href":"https:\/\/neutrale.al\/index.php\/wp-json\/wp\/v2\/users\/2"}],"replies":[{"embeddable":true,"href":"https:\/\/neutrale.al\/index.php\/wp-json\/wp\/v2\/comments?post=70778"}],"version-history":[{"count":1,"href":"https:\/\/neutrale.al\/index.php\/wp-json\/wp\/v2\/posts\/70778\/revisions"}],"predecessor-version":[{"id":70780,"href":"https:\/\/neutrale.al\/index.php\/wp-json\/wp\/v2\/posts\/70778\/revisions\/70780"}],"wp:featuredmedia":[{"embeddable":true,"href":"https:\/\/neutrale.al\/index.php\/wp-json\/wp\/v2\/media\/70779"}],"wp:attachment":[{"href":"https:\/\/neutrale.al\/index.php\/wp-json\/wp\/v2\/media?parent=70778"}],"wp:term":[{"taxonomy":"category","embeddable":true,"href":"https:\/\/neutrale.al\/index.php\/wp-json\/wp\/v2\/categories?post=70778"},{"taxonomy":"post_tag","embeddable":true,"href":"https:\/\/neutrale.al\/index.php\/wp-json\/wp\/v2\/tags?post=70778"}],"curies":[{"name":"wp","href":"https:\/\/api.w.org\/{rel}","templated":true}]}}