{"id":70758,"date":"2024-02-19T12:15:42","date_gmt":"2024-02-19T12:15:42","guid":{"rendered":"https:\/\/neutrale.al\/?p=70758"},"modified":"2024-02-19T12:15:42","modified_gmt":"2024-02-19T12:15:42","slug":"interpol-tirana-ekstradohen-5-shtetas-te-denuar-te-akuzuar-nga-autoritetet-ne-shqiperi-dhe-ne-itali-ja-per-cfare-akuzohen","status":"publish","type":"post","link":"https:\/\/neutrale.al\/index.php\/2024\/02\/19\/interpol-tirana-ekstradohen-5-shtetas-te-denuar-te-akuzuar-nga-autoritetet-ne-shqiperi-dhe-ne-itali-ja-per-cfare-akuzohen\/","title":{"rendered":"Interpol Tirana\/ Ekstradohen 5 shtetas t\u00eb d\u00ebnuar\/t\u00eb akuzuar nga autoritetet n\u00eb Shqip\u00ebri dhe n\u00eb Itali. Ja p\u00ebr \u00e7far\u00eb akuzohen&#8230;"},"content":{"rendered":"<p>Detajet-Njoftimi zyrtar:<\/p>\n<p>Bashk\u00ebpunimi intensiv dhe paralel me homolog\u00ebt europian\u00eb, finalizoi procedurat e ekstradimit p\u00ebr 5 shtetas t\u00eb d\u00ebnuar\/t\u00eb akuzuar nga autoritetet n\u00eb Shqip\u00ebri dhe n\u00eb Itali.<\/p>\n<p>D\u00ebnimet\/Akuzat p\u00ebr veprat penale: \u2022tentativ\u00eb vrasjeje, \u2022pengmarrje, \u2022drejtim t\u00eb organizatave\/grupeve kriminale, \u2022shp\u00ebrdorim detyre dhe \u2022falsifikim.<\/p>\n<p>Si rezultat i bashk\u00ebpunimit t\u00eb vazhduesh\u00ebm nd\u00ebrmjet zyrave t\u00eb Interpolit n\u00eb Tiran\u00eb, Athin\u00eb dhe Rom\u00eb, jan\u00eb finalizuar procedurat p\u00ebr ekstradimin e 5 shtetasve shqiptar\u00eb, n\u00eb vendin ton\u00eb dhe n\u00eb Itali, t\u00eb d\u00ebnuar\/t\u00eb akuzuar p\u00ebr vepra t\u00eb ndryshme penale. <\/p>\n<p>-Konkretisht, u ekstraduan nga Greqia n\u00eb Shqip\u00ebri, shtetasit:<\/p>\n<p>1. Arjan Shehu, i d\u00ebnuar nga GjKKO-ja, me 5 vjet e 4 muaj burgim, p\u00ebr vepr\u00ebn penale \u201cNdihma p\u00ebr kalim t\u00eb paligjsh\u00ebm t\u00eb kufirit\u201d, kryer n\u00eb kuad\u00ebr t\u00eb grupit t\u00eb strukturuar kriminal. Gjat\u00eb periudh\u00ebs 2016-2018, ka drejtuar nj\u00eb grup kriminal q\u00eb pajiste kundrejt pagesave, shtetas t\u00eb ndrysh\u00ebm, me pasaporta europiane false, q\u00eb ata t\u00eb hynin ilegalisht n\u00eb Shtetet e Bashkuara t\u00eb Amerik\u00ebs, n\u00eb Mbret\u00ebrin\u00eb e Bashkuar dhe\/ose n\u00eb Kanada;<\/p>\n<p>2. Shp\u00ebtim Abdullai, 52 vje\u00e7, i d\u00ebnuar nga Gjykata e Elbasanit, me 1 vit burgim, p\u00ebr veprat penale \u201cShp\u00ebrdorimi i detyr\u00ebs\u201d dhe \u201cFalsifikimi i dokumenteve\u201d. N\u00eb vitin 2013, duke shp\u00ebrdoruar detyr\u00ebn si punonj\u00ebs i sh\u00ebrbimeve teknike, n\u00eb IEVP Kosov\u00eb, Lushnj\u00eb, ka falsifikuar fatura p\u00ebr riparimin e disa automjeteve t\u00eb Policis\u00eb s\u00eb burgjeve;<\/p>\n<p>3. P. K., 32 vje\u00e7, t\u00eb cilit Gjykata e Gjirokastr\u00ebs i ka caktuar mas\u00ebn e siguris\u00eb \u201cArrest n\u00eb burg\u201d, p\u00ebr vepr\u00ebn penale \u201cVrasja me dashje\u201d, mbetur n\u00eb tentativ\u00eb, kryer n\u00eb bashk\u00ebpunim. M\u00eb dat\u00eb 17.07.2022, n\u00eb bashk\u00ebpunim me shtetasin K. P., dyshohet se ka tentuar t\u00eb vras\u00eb me mjet prer\u00ebs (thik\u00eb), shtetasin L. D.<\/p>\n<p>-N\u00eb vijim, u ekstraduan nga Shqip\u00ebria n\u00eb Itali, shtetasit:<\/p>\n<p>1. A. S. alias P. S., 40 vje\u00e7, t\u00eb cilit Gjykata e Apelit e Triestes i ka caktuar mas\u00ebn e siguris\u00eb \u201cArrest n\u00eb burg\u201d, p\u00ebr veprat penale \u201cTrafikimi i narkotik\u00ebve\u201d, kryer n\u00eb kuadrin e organizat\u00ebs kriminale, si dhe \u201cPengmarrja\u201d. Gjat\u00eb periudh\u00ebs 2022-2023, organizata kriminale ku b\u00ebnte pjes\u00eb 40-vje\u00e7ari, dyshohet se ka trafikuar rreth 100 kg l\u00ebnd\u00eb narkotike kokain\u00eb, nga Ekuadori, me qellim shitjen n\u00eb Itali. Gjithashtu, nga hetimet dyshohet se p\u00ebr shkak se k\u00ebsaj organizate i ishte vjedhur nj\u00eb sasi l\u00ebnde narkotike kokain\u00eb, 40-vje\u00e7ari n\u00eb bashk\u00ebpunim me t\u00eb tjer\u00eb, kan\u00eb marr\u00eb peng nj\u00eb shtetas, duke e k\u00ebrc\u00ebnuar me arm\u00eb, p\u00ebr t\u2019iu dh\u00ebn\u00eb informacion mbi vjedhjen e l\u00ebnd\u00ebs narkotike;<\/p>\n<p>2. A. A. alias  A. L., 56 vje\u00e7, t\u00eb cilit Gjykata e Le\u00e7es i ka caktuar mas\u00ebn e siguris\u00eb \u201cArrest n\u00eb burg\u201d, p\u00ebr vepr\u00ebn penale \u201cTrafikimi i narkotik\u00ebve\u201d, kryer n\u00eb kuadrin e grupit kriminal. Gjat\u00eb periudh\u00ebs 2018-2019, ka drejtuar nj\u00eb grup kriminal q\u00eb trafikonte l\u00ebnd\u00eb narkotike kokain\u00eb, nga Holanda n\u00eb Itali dhe nga Shqip\u00ebria n\u00eb Itali.<\/p>\n","protected":false},"excerpt":{"rendered":"<p>Detajet-Njoftimi zyrtar: Bashk\u00ebpunimi intensiv dhe paralel me homolog\u00ebt europian\u00eb, finalizoi procedurat e ekstradimit p\u00ebr 5 shtetas t\u00eb d\u00ebnuar\/t\u00eb akuzuar nga autoritetet n\u00eb Shqip\u00ebri dhe n\u00eb Itali. D\u00ebnimet\/Akuzat p\u00ebr veprat penale: \u2022tentativ\u00eb vrasjeje, \u2022pengmarrje, \u2022drejtim t\u00eb organizatave\/grupeve kriminale, \u2022shp\u00ebrdorim detyre dhe \u2022falsifikim. Si rezultat i bashk\u00ebpunimit t\u00eb vazhduesh\u00ebm nd\u00ebrmjet zyrave t\u00eb Interpolit n\u00eb Tiran\u00eb, Athin\u00eb dhe [&hellip;]<\/p>\n","protected":false},"author":2,"featured_media":70759,"comment_status":"open","ping_status":"open","sticky":false,"template":"","format":"standard","meta":{"footnotes":""},"categories":[118],"tags":[],"class_list":{"0":"post-70758","1":"post","2":"type-post","3":"status-publish","4":"format-standard","5":"has-post-thumbnail","7":"category-kryesore"},"_links":{"self":[{"href":"https:\/\/neutrale.al\/index.php\/wp-json\/wp\/v2\/posts\/70758","targetHints":{"allow":["GET"]}}],"collection":[{"href":"https:\/\/neutrale.al\/index.php\/wp-json\/wp\/v2\/posts"}],"about":[{"href":"https:\/\/neutrale.al\/index.php\/wp-json\/wp\/v2\/types\/post"}],"author":[{"embeddable":true,"href":"https:\/\/neutrale.al\/index.php\/wp-json\/wp\/v2\/users\/2"}],"replies":[{"embeddable":true,"href":"https:\/\/neutrale.al\/index.php\/wp-json\/wp\/v2\/comments?post=70758"}],"version-history":[{"count":1,"href":"https:\/\/neutrale.al\/index.php\/wp-json\/wp\/v2\/posts\/70758\/revisions"}],"predecessor-version":[{"id":70760,"href":"https:\/\/neutrale.al\/index.php\/wp-json\/wp\/v2\/posts\/70758\/revisions\/70760"}],"wp:featuredmedia":[{"embeddable":true,"href":"https:\/\/neutrale.al\/index.php\/wp-json\/wp\/v2\/media\/70759"}],"wp:attachment":[{"href":"https:\/\/neutrale.al\/index.php\/wp-json\/wp\/v2\/media?parent=70758"}],"wp:term":[{"taxonomy":"category","embeddable":true,"href":"https:\/\/neutrale.al\/index.php\/wp-json\/wp\/v2\/categories?post=70758"},{"taxonomy":"post_tag","embeddable":true,"href":"https:\/\/neutrale.al\/index.php\/wp-json\/wp\/v2\/tags?post=70758"}],"curies":[{"name":"wp","href":"https:\/\/api.w.org\/{rel}","templated":true}]}}