{"id":70540,"date":"2024-02-15T16:39:05","date_gmt":"2024-02-15T16:39:05","guid":{"rendered":"https:\/\/neutrale.al\/?p=70540"},"modified":"2024-02-15T16:39:05","modified_gmt":"2024-02-15T16:39:05","slug":"presidenti-begaj-me-sekretarin-e-shtetit-amerikan-vizita-e-blinken-ne-tirane-per-nje-te-ardhme-te-ndritur-per-shqiperine-partneritetin-tone-strategjik-qe-do-te-zgjase-per-shume-se-100-vit","status":"publish","type":"post","link":"https:\/\/neutrale.al\/index.php\/2024\/02\/15\/presidenti-begaj-me-sekretarin-e-shtetit-amerikan-vizita-e-blinken-ne-tirane-per-nje-te-ardhme-te-ndritur-per-shqiperine-partneritetin-tone-strategjik-qe-do-te-zgjase-per-shume-se-100-vit\/","title":{"rendered":"Presidenti Begaj me Sekretarin e Shtetit Amerikan: \u201d Vizita e Blinken n\u00eb Tiran\u00eb, p\u00ebr nj\u00eb t\u00eb ardhme t\u00eb ndritur p\u00ebr Shqip\u00ebrin\u00eb, partneritetin ton\u00eb strategjik q\u00eb do t\u00eb zgjas\u00eb p\u00ebr shum\u00eb se 100 vite t\u00eb tjera\u201d."},"content":{"rendered":"<p>Presidenti i Republik\u00ebs, Bajram Begaj, priti sot Sekretarin amerikan t\u00eb Shtetit, zotin Antony J. Blinken, me t\u00eb cilin bisedoi p\u00ebr r\u00ebnd\u00ebsin\u00eb e  marr\u00ebdh\u00ebnieve strategjike dypal\u00ebshe, p\u00ebr zhvillimet n\u00eb rajon, solidaritetin me Ukrain\u00ebn dhe angazhimi n\u00eb krah t\u00eb aleat\u00ebve n\u00eb NATO-s.<\/p>\n<p>Presidenti Begaj e cil\u00ebsoi shum\u00eb t\u00eb r\u00ebnd\u00ebsishme k\u00ebt\u00eb vizit\u00eb dhe u shpreh se ajo \u00ebsht\u00eb nj\u00eb  demostrim \u201cse partneriteti yn\u00eb strategjik \u00ebsht\u00eb m\u00eb i fort\u00eb se kurr\u00eb.\u201d<\/p>\n<p>\u201dKjo vizit\u00eb &#8211;  vijoi m\u00eb tej Presidenti Begaj &#8211; \u00ebsht\u00eb nj\u00eb mesazh i fort\u00eb n\u00eb mb\u00ebshtetje t\u00eb shqiptar\u00ebve, politik\u00ebs ton\u00eb t\u00eb jashtme dhe t\u00eb ardhmes s\u00eb Shqip\u00ebris\u00eb n\u00eb rrug\u00ebn  drejt integrimit n\u00eb BE.\u201d<\/p>\n<p>Kreu i shtetit i shrehu Sekretarit Blinken mir\u00ebnjohjen  p\u00ebr at\u00eb q\u00eb  SHBA kan\u00eb b\u00ebr\u00eb e po b\u00ebjn\u00eb p\u00ebr Shqip\u00ebrin\u00eb, Kosov\u00ebn dhe rajonin.<\/p>\n<p>\u201d Jemi fal\u00ebnderues p\u00ebr at\u00eb q\u00eb SHBA kan\u00eb b\u00ebr\u00eb dhe Ju po b\u00ebni p\u00ebr demokracin\u00eb shqiptare, sundimin e ligjit, ve\u00e7an\u00ebrisht reform\u00ebn n\u00eb drejt\u00ebsi, mbrojtjen, sigurin\u00eb dhe sigurin\u00eb kibernetike, arsimimin dhe ekonomin\u00eb p\u00ebrmes programeve t\u00eb ndryshme mb\u00ebshtet\u00ebse\u201d- deklaroi Presidenti gjat\u00eb bised\u00ebs me Sekretarin Amerikan t\u00eb Shtetit.<\/p>\n<p>Presidenti i Republik\u00ebs  theksoi se Shqip\u00ebria  dhe SHBA kan\u00eb qen\u00eb s\u00eb bashku n\u00eb mb\u00ebshtetje t\u00eb Ukrain\u00ebs si aleat\u00eb n\u00eb NATO duke   kontribuar n\u00eb misione n\u00eb  Afganistan dhe Irak.<br \/>\nPresidenti Begaj deklaroi :\u201dShqip\u00ebria \u00ebsht\u00eb e p\u00ebrkushtuar t\u00eb vazhdoj\u00eb t\u00eb kontribuoj\u00eb s\u00eb bashku me SHBA dhe NATO p\u00ebr sigurin\u00eb rajonale dhe globale\u201d.<\/p>\n<p>\u201dUn\u00eb e shoh k\u00ebt\u00eb vizit\u00eb si nj\u00eb t\u00eb ardhme t\u00eb ndritur p\u00ebr Shqip\u00ebrin\u00eb, partneritetin ton\u00eb strategjik q\u00eb do t\u00eb zgjas\u00eb p\u00ebr shum\u00eb  se 100 vite t\u00eb tjera\u201d- u shpreh Presidenti Begaj.<\/p>\n","protected":false},"excerpt":{"rendered":"<p>Presidenti i Republik\u00ebs, Bajram Begaj, priti sot Sekretarin amerikan t\u00eb Shtetit, zotin Antony J. Blinken, me t\u00eb cilin bisedoi p\u00ebr r\u00ebnd\u00ebsin\u00eb e marr\u00ebdh\u00ebnieve strategjike dypal\u00ebshe, p\u00ebr zhvillimet n\u00eb rajon, solidaritetin me Ukrain\u00ebn dhe angazhimi n\u00eb krah t\u00eb aleat\u00ebve n\u00eb NATO-s. Presidenti Begaj e cil\u00ebsoi shum\u00eb t\u00eb r\u00ebnd\u00ebsishme k\u00ebt\u00eb vizit\u00eb dhe u shpreh se ajo \u00ebsht\u00eb [&hellip;]<\/p>\n","protected":false},"author":2,"featured_media":70541,"comment_status":"open","ping_status":"open","sticky":false,"template":"","format":"standard","meta":{"footnotes":""},"categories":[118],"tags":[],"class_list":{"0":"post-70540","1":"post","2":"type-post","3":"status-publish","4":"format-standard","5":"has-post-thumbnail","7":"category-kryesore"},"_links":{"self":[{"href":"https:\/\/neutrale.al\/index.php\/wp-json\/wp\/v2\/posts\/70540","targetHints":{"allow":["GET"]}}],"collection":[{"href":"https:\/\/neutrale.al\/index.php\/wp-json\/wp\/v2\/posts"}],"about":[{"href":"https:\/\/neutrale.al\/index.php\/wp-json\/wp\/v2\/types\/post"}],"author":[{"embeddable":true,"href":"https:\/\/neutrale.al\/index.php\/wp-json\/wp\/v2\/users\/2"}],"replies":[{"embeddable":true,"href":"https:\/\/neutrale.al\/index.php\/wp-json\/wp\/v2\/comments?post=70540"}],"version-history":[{"count":1,"href":"https:\/\/neutrale.al\/index.php\/wp-json\/wp\/v2\/posts\/70540\/revisions"}],"predecessor-version":[{"id":70542,"href":"https:\/\/neutrale.al\/index.php\/wp-json\/wp\/v2\/posts\/70540\/revisions\/70542"}],"wp:featuredmedia":[{"embeddable":true,"href":"https:\/\/neutrale.al\/index.php\/wp-json\/wp\/v2\/media\/70541"}],"wp:attachment":[{"href":"https:\/\/neutrale.al\/index.php\/wp-json\/wp\/v2\/media?parent=70540"}],"wp:term":[{"taxonomy":"category","embeddable":true,"href":"https:\/\/neutrale.al\/index.php\/wp-json\/wp\/v2\/categories?post=70540"},{"taxonomy":"post_tag","embeddable":true,"href":"https:\/\/neutrale.al\/index.php\/wp-json\/wp\/v2\/tags?post=70540"}],"curies":[{"name":"wp","href":"https:\/\/api.w.org\/{rel}","templated":true}]}}