{"id":70527,"date":"2024-02-15T13:33:20","date_gmt":"2024-02-15T13:33:20","guid":{"rendered":"https:\/\/neutrale.al\/?p=70527"},"modified":"2024-02-15T13:33:20","modified_gmt":"2024-02-15T13:33:20","slug":"mali-i-zi-zjarr-ne-venbanimin-e-komunitetit-rome-ne-tivar-kater-te-vdekur-tre-jane-femije","status":"publish","type":"post","link":"https:\/\/neutrale.al\/index.php\/2024\/02\/15\/mali-i-zi-zjarr-ne-venbanimin-e-komunitetit-rome-ne-tivar-kater-te-vdekur-tre-jane-femije\/","title":{"rendered":"Mali i Zi\/ Zjarr n\u00eb venbanimin e komunitetit rom\u00eb n\u00eb Tivar. Kat\u00ebr t\u00eb vdekur, tre jan\u00eb f\u00ebmij\u00eb"},"content":{"rendered":"<p>Tre t\u00eb mitur dhe nj\u00eb person i mosh\u00ebs madhore kan\u00eb vdekur nga zjarri q\u00eb shp\u00ebrtheu m\u00ebngjesin e sot\u00ebm n\u00eb nj\u00eb vendbanim rreth or\u00ebs kat\u00ebr n\u00eb nj\u00eb lagje t\u00eb banuar me rom\u00eb n\u00eb Tivar, n\u00eb Mal t\u00eb Zi.<\/p>\n<p>Zjarri, q\u00eb shp\u00ebrtheu rreth or\u00ebs 04:00, p\u00ebrfshiu disa objekte dhe m\u00eb pas u njoftua zjarrfik\u00ebsja.<\/p>\n<p>Si\u00e7 tha prokurorja Mirjana Tankosiq Vu\u00e7iniq p\u00ebr Radion Evropa e Lir\u00eb, kat\u00ebr trupat e pajet\u00eb u gjet\u00ebn n\u00eb vendngjarje.<\/p>\n<p>&#8220;Kemi gjetur kat\u00ebr baraka t\u00eb djegura dhe kat\u00ebr trupa t\u00eb djegur n\u00eb to. Shkaku i zjarrit do t\u00eb dihet pas vler\u00ebsimit t\u00eb ekspert\u00ebve\u201d, tha ajo.<\/p>\n<p>Zjarri p\u00ebrfshiu nj\u00eb lagje t\u00eb improvizuar ku jetojn\u00eb kryesisht rom\u00eb.<\/p>\n","protected":false},"excerpt":{"rendered":"<p>Tre t\u00eb mitur dhe nj\u00eb person i mosh\u00ebs madhore kan\u00eb vdekur nga zjarri q\u00eb shp\u00ebrtheu m\u00ebngjesin e sot\u00ebm n\u00eb nj\u00eb vendbanim rreth or\u00ebs kat\u00ebr n\u00eb nj\u00eb lagje t\u00eb banuar me rom\u00eb n\u00eb Tivar, n\u00eb Mal t\u00eb Zi. Zjarri, q\u00eb shp\u00ebrtheu rreth or\u00ebs 04:00, p\u00ebrfshiu disa objekte dhe m\u00eb pas u njoftua zjarrfik\u00ebsja. Si\u00e7 tha prokurorja [&hellip;]<\/p>\n","protected":false},"author":2,"featured_media":70528,"comment_status":"open","ping_status":"open","sticky":false,"template":"","format":"standard","meta":{"footnotes":""},"categories":[6],"tags":[27],"class_list":{"0":"post-70527","1":"post","2":"type-post","3":"status-publish","4":"format-standard","5":"has-post-thumbnail","7":"category-rajoni","8":"tag-lajme"},"_links":{"self":[{"href":"https:\/\/neutrale.al\/index.php\/wp-json\/wp\/v2\/posts\/70527","targetHints":{"allow":["GET"]}}],"collection":[{"href":"https:\/\/neutrale.al\/index.php\/wp-json\/wp\/v2\/posts"}],"about":[{"href":"https:\/\/neutrale.al\/index.php\/wp-json\/wp\/v2\/types\/post"}],"author":[{"embeddable":true,"href":"https:\/\/neutrale.al\/index.php\/wp-json\/wp\/v2\/users\/2"}],"replies":[{"embeddable":true,"href":"https:\/\/neutrale.al\/index.php\/wp-json\/wp\/v2\/comments?post=70527"}],"version-history":[{"count":1,"href":"https:\/\/neutrale.al\/index.php\/wp-json\/wp\/v2\/posts\/70527\/revisions"}],"predecessor-version":[{"id":70529,"href":"https:\/\/neutrale.al\/index.php\/wp-json\/wp\/v2\/posts\/70527\/revisions\/70529"}],"wp:featuredmedia":[{"embeddable":true,"href":"https:\/\/neutrale.al\/index.php\/wp-json\/wp\/v2\/media\/70528"}],"wp:attachment":[{"href":"https:\/\/neutrale.al\/index.php\/wp-json\/wp\/v2\/media?parent=70527"}],"wp:term":[{"taxonomy":"category","embeddable":true,"href":"https:\/\/neutrale.al\/index.php\/wp-json\/wp\/v2\/categories?post=70527"},{"taxonomy":"post_tag","embeddable":true,"href":"https:\/\/neutrale.al\/index.php\/wp-json\/wp\/v2\/tags?post=70527"}],"curies":[{"name":"wp","href":"https:\/\/api.w.org\/{rel}","templated":true}]}}