{"id":70524,"date":"2024-02-15T13:08:16","date_gmt":"2024-02-15T13:08:16","guid":{"rendered":"https:\/\/neutrale.al\/?p=70524"},"modified":"2024-02-15T13:08:16","modified_gmt":"2024-02-15T13:08:16","slug":"shkoder-vihet-ne-pranga-nje-48-vjecar-qe-levizte-me-arme-zjarri-pistolete-me-vete-ne-qytet","status":"publish","type":"post","link":"https:\/\/neutrale.al\/index.php\/2024\/02\/15\/shkoder-vihet-ne-pranga-nje-48-vjecar-qe-levizte-me-arme-zjarri-pistolete-me-vete-ne-qytet\/","title":{"rendered":"Shkod\u00ebr\/ Vihet n\u00eb pranga nj\u00eb 48-vje\u00e7ar q\u00eb l\u00ebvizte me arm\u00eb zjarri pistolet\u00eb me vete, n\u00eb qytet."},"content":{"rendered":"<p>Detajet-Njoftimi zyrtar:<\/p>\n<p>Kontrolle t\u00eb shtuara n\u00eb zbatim t\u00eb planit operacional \u201cSundimi i ligjit\u201d.  <\/p>\n<p>Kontrollet, bazuar n\u00eb inteligjenc\u00ebn policore, me q\u00ebllim kapjen dhe arrestimin e shtetasve q\u00eb qarkullojn\u00eb me arm\u00eb, si dhe t\u00eb atyre q\u00eb jan\u00eb n\u00eb k\u00ebrkim p\u00ebr vepra penale t\u00eb ndryshme.    <\/p>\n<p>Kapet n\u00eb flagranc\u00eb dhe vihet n\u00eb pranga nj\u00eb 48-vje\u00e7ar q\u00eb l\u00ebvizte me arm\u00eb zjarri pistolet\u00eb me vete, n\u00eb qytet. <\/p>\n<p>Sekuestrohet arma e zjarrit pistolet\u00eb me kreh\u00ebr me municion luftarak, t\u00eb cil\u00ebn 48-vje\u00e7ari tentoi ta fshihte, kur pa punonj\u00ebsit e Policis\u00eb. <\/p>\n<p>Sekuestrohet edhe automjeti i k\u00ebtij shtetasi. <\/p>\n<p>Si rezultat i administrimit t\u00eb menj\u00ebhersh\u00ebm t\u00eb inteligjenc\u00ebs policore, se nj\u00eb shtetas mbante arm\u00eb zjarri, pa leje, sh\u00ebrbimet e Komisariatit t\u00eb Policis\u00eb Shkod\u00ebr kan\u00eb organizuar pun\u00ebn n\u00eb kuad\u00ebr t\u00eb operacionit \u201cSundimi i ligjit\u201d dhe kan\u00eb nd\u00ebrhyr\u00eb menj\u00ebher\u00eb p\u00ebr arrestimin e k\u00ebtij shtetasi.  <\/p>\n<p>N\u00eb bulevardin \u201cSk\u00ebnderbeu\u201d \u00ebsht\u00eb lokalizuar automjeti me drejtues shtetasin H. M., i cili sapo ka par\u00eb sh\u00ebrbimet e Policis\u00eb, ka dal\u00eb nga automjeti dhe \u00ebsht\u00eb larguar af\u00ebr nj\u00eb lulishteje ku ka tentuar t\u00eb fsheh\u00eb arm\u00ebn e zjarrit q\u00eb mbante m\u00eb vete. Si rezultat i veprimeve t\u00eb shpejta policore \u00ebsht\u00eb kapur shtetasi H. M., 48 vje\u00e7, banues n\u00eb lagjen \u201cNdoc Mazi\u201d, i cili n\u00eb p\u00ebrfundim t\u00eb veprimeve procedurale u arrestua n\u00eb flagranc\u00eb.    <\/p>\n<p>Arma e zjarrit pistolet\u00eb me municion luftarak dhe automjeti tip \u201cBMW\u201d q\u00eb drejtonte ky shtetas, u sekuestruan n\u00eb cil\u00ebsin\u00eb e prov\u00ebs materiale.   <\/p>\n<p>Materialet procedurale i kaluan Prokuroris\u00eb pran\u00eb Gjykat\u00ebs s\u00eb Shkall\u00ebs s\u00eb Par\u00eb t\u00eb Juridiksionit t\u00eb P\u00ebrgjithsh\u00ebm Shkod\u00ebr, p\u00ebr veprime t\u00eb m\u00ebtejshme.<\/p>\n","protected":false},"excerpt":{"rendered":"<p>Detajet-Njoftimi zyrtar: Kontrolle t\u00eb shtuara n\u00eb zbatim t\u00eb planit operacional \u201cSundimi i ligjit\u201d. Kontrollet, bazuar n\u00eb inteligjenc\u00ebn policore, me q\u00ebllim kapjen dhe arrestimin e shtetasve q\u00eb qarkullojn\u00eb me arm\u00eb, si dhe t\u00eb atyre q\u00eb jan\u00eb n\u00eb k\u00ebrkim p\u00ebr vepra penale t\u00eb ndryshme. Kapet n\u00eb flagranc\u00eb dhe vihet n\u00eb pranga nj\u00eb 48-vje\u00e7ar q\u00eb l\u00ebvizte me arm\u00eb [&hellip;]<\/p>\n","protected":false},"author":2,"featured_media":70525,"comment_status":"open","ping_status":"open","sticky":false,"template":"","format":"standard","meta":{"footnotes":""},"categories":[117],"tags":[27],"class_list":{"0":"post-70524","1":"post","2":"type-post","3":"status-publish","4":"format-standard","5":"has-post-thumbnail","7":"category-aktualitet","8":"tag-lajme"},"_links":{"self":[{"href":"https:\/\/neutrale.al\/index.php\/wp-json\/wp\/v2\/posts\/70524","targetHints":{"allow":["GET"]}}],"collection":[{"href":"https:\/\/neutrale.al\/index.php\/wp-json\/wp\/v2\/posts"}],"about":[{"href":"https:\/\/neutrale.al\/index.php\/wp-json\/wp\/v2\/types\/post"}],"author":[{"embeddable":true,"href":"https:\/\/neutrale.al\/index.php\/wp-json\/wp\/v2\/users\/2"}],"replies":[{"embeddable":true,"href":"https:\/\/neutrale.al\/index.php\/wp-json\/wp\/v2\/comments?post=70524"}],"version-history":[{"count":1,"href":"https:\/\/neutrale.al\/index.php\/wp-json\/wp\/v2\/posts\/70524\/revisions"}],"predecessor-version":[{"id":70526,"href":"https:\/\/neutrale.al\/index.php\/wp-json\/wp\/v2\/posts\/70524\/revisions\/70526"}],"wp:featuredmedia":[{"embeddable":true,"href":"https:\/\/neutrale.al\/index.php\/wp-json\/wp\/v2\/media\/70525"}],"wp:attachment":[{"href":"https:\/\/neutrale.al\/index.php\/wp-json\/wp\/v2\/media?parent=70524"}],"wp:term":[{"taxonomy":"category","embeddable":true,"href":"https:\/\/neutrale.al\/index.php\/wp-json\/wp\/v2\/categories?post=70524"},{"taxonomy":"post_tag","embeddable":true,"href":"https:\/\/neutrale.al\/index.php\/wp-json\/wp\/v2\/tags?post=70524"}],"curies":[{"name":"wp","href":"https:\/\/api.w.org\/{rel}","templated":true}]}}