{"id":70488,"date":"2024-02-14T19:25:26","date_gmt":"2024-02-14T19:25:26","guid":{"rendered":"https:\/\/neutrale.al\/?p=70488"},"modified":"2024-02-14T19:25:26","modified_gmt":"2024-02-14T19:25:26","slug":"futboll-zyrtarizohet-miqesorja-shqiperi-kili-ndeshja-do-te-luhet-me-22-mars-ne-parma-te-italise","status":"publish","type":"post","link":"https:\/\/neutrale.al\/index.php\/2024\/02\/14\/futboll-zyrtarizohet-miqesorja-shqiperi-kili-ndeshja-do-te-luhet-me-22-mars-ne-parma-te-italise\/","title":{"rendered":"Futboll\/ Zyrtarizohet miq\u00ebsorja Shqip\u00ebri- Kili, ndeshja do t\u00eb luhet m\u00eb 22 mars n\u00eb Parma t\u00eb Italis\u00eb"},"content":{"rendered":"<p>Dy Federatat homologe t\u00eb Shqip\u00ebris\u00eb dhe Kilit kan\u00eb r\u00ebn\u00eb dakord q\u00eb miq\u00ebsorja midis dy komb\u00ebtareve t\u00eb luhet n\u00eb Parma t\u00eb Italis\u00eb m\u00eb 22 mars.<\/p>\n<p>Kujtojm\u00eb se m\u00eb 25 mars komb\u00ebtarja jon\u00eb do t\u00eb luaj n\u00eb Stokholm miq\u00ebsoren me Suedin\u00eb<\/p>\n","protected":false},"excerpt":{"rendered":"<p>Dy Federatat homologe t\u00eb Shqip\u00ebris\u00eb dhe Kilit kan\u00eb r\u00ebn\u00eb dakord q\u00eb miq\u00ebsorja midis dy komb\u00ebtareve t\u00eb luhet n\u00eb Parma t\u00eb Italis\u00eb m\u00eb 22 mars. Kujtojm\u00eb se m\u00eb 25 mars komb\u00ebtarja jon\u00eb do t\u00eb luaj n\u00eb Stokholm miq\u00ebsoren me Suedin\u00eb<\/p>\n","protected":false},"author":2,"featured_media":70489,"comment_status":"open","ping_status":"open","sticky":false,"template":"","format":"standard","meta":{"footnotes":""},"categories":[104],"tags":[],"class_list":{"0":"post-70488","1":"post","2":"type-post","3":"status-publish","4":"format-standard","5":"has-post-thumbnail","7":"category-sport"},"_links":{"self":[{"href":"https:\/\/neutrale.al\/index.php\/wp-json\/wp\/v2\/posts\/70488","targetHints":{"allow":["GET"]}}],"collection":[{"href":"https:\/\/neutrale.al\/index.php\/wp-json\/wp\/v2\/posts"}],"about":[{"href":"https:\/\/neutrale.al\/index.php\/wp-json\/wp\/v2\/types\/post"}],"author":[{"embeddable":true,"href":"https:\/\/neutrale.al\/index.php\/wp-json\/wp\/v2\/users\/2"}],"replies":[{"embeddable":true,"href":"https:\/\/neutrale.al\/index.php\/wp-json\/wp\/v2\/comments?post=70488"}],"version-history":[{"count":1,"href":"https:\/\/neutrale.al\/index.php\/wp-json\/wp\/v2\/posts\/70488\/revisions"}],"predecessor-version":[{"id":70490,"href":"https:\/\/neutrale.al\/index.php\/wp-json\/wp\/v2\/posts\/70488\/revisions\/70490"}],"wp:featuredmedia":[{"embeddable":true,"href":"https:\/\/neutrale.al\/index.php\/wp-json\/wp\/v2\/media\/70489"}],"wp:attachment":[{"href":"https:\/\/neutrale.al\/index.php\/wp-json\/wp\/v2\/media?parent=70488"}],"wp:term":[{"taxonomy":"category","embeddable":true,"href":"https:\/\/neutrale.al\/index.php\/wp-json\/wp\/v2\/categories?post=70488"},{"taxonomy":"post_tag","embeddable":true,"href":"https:\/\/neutrale.al\/index.php\/wp-json\/wp\/v2\/tags?post=70488"}],"curies":[{"name":"wp","href":"https:\/\/api.w.org\/{rel}","templated":true}]}}