{"id":70457,"date":"2024-02-14T12:54:35","date_gmt":"2024-02-14T12:54:35","guid":{"rendered":"https:\/\/neutrale.al\/?p=70457"},"modified":"2024-02-14T12:54:35","modified_gmt":"2024-02-14T12:54:35","slug":"vellai-i-pellumb-salillarit-mereet-i-pandehur-per-2-500-m2-ndertim-pa-leje","status":"publish","type":"post","link":"https:\/\/neutrale.al\/index.php\/2024\/02\/14\/vellai-i-pellumb-salillarit-mereet-i-pandehur-per-2-500-m2-ndertim-pa-leje\/","title":{"rendered":"V\u00ebllai i P\u00ebllumb Salillarit mereet i pandehur p\u00ebr 2.500 m2 nd\u00ebrtim pa leje"},"content":{"rendered":"<p>Lulzim Salillari, v\u00ebllai i biznesmenit P\u00ebllumb Sallilari, \u00ebsht\u00eb marr\u00eb i pandehur nga prokuroria e Tiran\u00ebs.<\/p>\n<p>Sipas prokuroris\u00eb, ai akuzohet p\u00ebr nj\u00eb rast nd\u00ebrtimi pa lej\u00eb nga shoq\u00ebria \u201cSalillari\u201d, n\u00eb zon\u00ebn e kopshtit zoologjik n\u00eb kryeqytet. N\u00ebn akuz\u00eb jan\u00eb dhe zyrtar\u00eb t\u00eb tjer\u00eb t\u00eb firm\u00ebs q\u00eb zot\u00ebrohet nga biznesmeni i af\u00ebrt me qeveris\u00eb P\u00ebllumb Salillari.<\/p>\n<p>Hetimet kan\u00eb konstatuar se firma Salillari kishte marr\u00eb lej\u00eb nga bashkia e Tiran\u00ebs n\u00eb vitin 2020 p\u00ebr t\u00eb nd\u00ebrtuar nj\u00eb godin\u00eb me 6 kate mbi tok\u00eb, p\u00ebrve\u00e7 parkimit.<\/p>\n<p>Por ajo q\u00eb rezulton nga kontrolli n\u00eb terren i autoriteteve ishte se godina ishte ngritur jo 6, por 7 kate, me nj\u00eb shtes\u00eb nd\u00ebrtimi 2444.12m2 pa leje.<\/p>\n<p>Kontrollet n\u00eb nd\u00ebrtimin e \u201cSalillarit\u201d sipas prokuroris\u00eb, erdh\u00ebn pas disa denoncimeve t\u00eb banor\u00ebve t\u00eb zon\u00ebs p\u00ebr nd\u00ebrtim pa leje.<\/p>\n<p>\u201cN\u00eb dat\u00ebn 06.07.2022, sh\u00ebrbimet e Post\u00ebs s\u00eb Policis\u00eb Fark\u00eb pran\u00eb Komisariatit t\u00eb Policis\u00eb Nr.1 Tiran\u00eb jan\u00eb njoftuar nga salla operative e Drejtoris\u00eb Vendore t\u00eb Policis\u00eb Tiran\u00eb se n\u00eb portalin e policis\u00eb s\u00eb shtetit \u2018Komisariati Dixhital\u2019 ka disa njoftime nga banor\u00eb t\u00eb zon\u00ebs s\u00eb kopshtit Botanik rruga \u2018Bilal Sina\u2019, Nj\u00ebsia administrative Nr.13 Tiran\u00eb, ku thuhej s\u00eb subjekti \u2018Salillari\u2019 shpk po nd\u00ebrton pallate pa leje\u201d,\u00a0sqaron prokuroria.<\/p>\n<p>Sipas t\u00eb nj\u00ebjtave burime, n\u00eb pjes\u00ebn e p\u00ebrparme t\u00eb pallatit n\u00eb krahun p\u00ebrball kopshtit zoologjik gjendet e fiksuar n\u00eb nj\u00eb llamarin\u00eb e afishuar leja e nd\u00ebrtimit nr.prot X-13444\/6 dat\u00eb 27.11.2020l\u00ebshuar nga Bashkia Tiran\u00eb ku thuhet se punimet kryhen nga shoqeria \u201cSalillari\u201d shpk, do t\u00eb nd\u00ebrtohet nj\u00eb godin\u00eb banimi dhe sh\u00ebrbimi 1,4 dhe\u00a07 kate\u00a0me 1-5 kat parkim dhe sh\u00ebrbim n\u00ebntok\u00eb me afat kryerjen e punimeve 60 muaj si dhe nj\u00eb foto e pamjes s\u00eb jashtme t\u00eb projektit t\u00eb godin\u00ebs.<\/p>\n<p>Referuar aktit t\u00eb konstatimit t\u00eb Inspektoratit Komb\u00ebtar t\u00eb Mbrojtjes s\u00eb Territorit rezulton se gjat\u00eb kontrollit t\u00eb ushtruar n\u00eb objektin me leje nd\u00ebrtimi nr.X-13444\/6 dat\u00eb 27.11.2020 t\u00eb objektit \u201cGodin\u00eb banimi dhe sh\u00ebrbime 1,4 dhe 6 kat me 1-5 kat parkim dhe sh\u00ebrbime n\u00ebntok\u00eb u konstatua ndryshim nga projekti i miratuar duke realizuar sip\u00ebrfaqe shtes\u00eb n\u00eb shkelje t\u00eb kushteve t\u00eb lejes s\u00eb nd\u00ebrtimit ku sipas lejes totale sip\u00ebrfaqe nd\u00ebrtimore mbi tok\u00eb \u00ebsht\u00eb 10516.29m2 dhe gjendje faktike 12960.41m2 pra\u00a0shtes\u00eb nd\u00ebrtimi 2444.12m2.<\/p>\n<p>Referuar lejes s\u00eb nd\u00ebrtimit me nr.prot X-13444\/8 dat\u00eb 27.11.2020 t\u00eb Bashkis\u00eb Tiran\u00eb p\u00ebr objektin e sip\u00ebrcituar me subjekt nd\u00ebrtues \u201cSalillari\u201d shpk rezulton se leja e nd\u00ebrtimit \u00ebsht\u00eb \u201cGodin\u00eb banimi dhe sh\u00ebrbimi 1,4 dhe\u00a06 kate, me 1-5 kat parkim dhe sh\u00ebrbim n\u00ebntok\u00eb\u201d.<\/p>\n","protected":false},"excerpt":{"rendered":"<p>Lulzim Salillari, v\u00ebllai i biznesmenit P\u00ebllumb Sallilari, \u00ebsht\u00eb marr\u00eb i pandehur nga prokuroria e Tiran\u00ebs. Sipas prokuroris\u00eb, ai akuzohet p\u00ebr nj\u00eb rast nd\u00ebrtimi pa lej\u00eb nga shoq\u00ebria \u201cSalillari\u201d, n\u00eb zon\u00ebn e kopshtit zoologjik n\u00eb kryeqytet. N\u00ebn akuz\u00eb jan\u00eb dhe zyrtar\u00eb t\u00eb tjer\u00eb t\u00eb firm\u00ebs q\u00eb zot\u00ebrohet nga biznesmeni i af\u00ebrt me qeveris\u00eb P\u00ebllumb Salillari. Hetimet [&hellip;]<\/p>\n","protected":false},"author":2,"featured_media":70458,"comment_status":"open","ping_status":"open","sticky":false,"template":"","format":"standard","meta":{"footnotes":""},"categories":[118],"tags":[],"class_list":{"0":"post-70457","1":"post","2":"type-post","3":"status-publish","4":"format-standard","5":"has-post-thumbnail","7":"category-kryesore"},"_links":{"self":[{"href":"https:\/\/neutrale.al\/index.php\/wp-json\/wp\/v2\/posts\/70457","targetHints":{"allow":["GET"]}}],"collection":[{"href":"https:\/\/neutrale.al\/index.php\/wp-json\/wp\/v2\/posts"}],"about":[{"href":"https:\/\/neutrale.al\/index.php\/wp-json\/wp\/v2\/types\/post"}],"author":[{"embeddable":true,"href":"https:\/\/neutrale.al\/index.php\/wp-json\/wp\/v2\/users\/2"}],"replies":[{"embeddable":true,"href":"https:\/\/neutrale.al\/index.php\/wp-json\/wp\/v2\/comments?post=70457"}],"version-history":[{"count":2,"href":"https:\/\/neutrale.al\/index.php\/wp-json\/wp\/v2\/posts\/70457\/revisions"}],"predecessor-version":[{"id":70460,"href":"https:\/\/neutrale.al\/index.php\/wp-json\/wp\/v2\/posts\/70457\/revisions\/70460"}],"wp:featuredmedia":[{"embeddable":true,"href":"https:\/\/neutrale.al\/index.php\/wp-json\/wp\/v2\/media\/70458"}],"wp:attachment":[{"href":"https:\/\/neutrale.al\/index.php\/wp-json\/wp\/v2\/media?parent=70457"}],"wp:term":[{"taxonomy":"category","embeddable":true,"href":"https:\/\/neutrale.al\/index.php\/wp-json\/wp\/v2\/categories?post=70457"},{"taxonomy":"post_tag","embeddable":true,"href":"https:\/\/neutrale.al\/index.php\/wp-json\/wp\/v2\/tags?post=70457"}],"curies":[{"name":"wp","href":"https:\/\/api.w.org\/{rel}","templated":true}]}}