{"id":70420,"date":"2024-02-14T10:21:01","date_gmt":"2024-02-14T10:21:01","guid":{"rendered":"https:\/\/neutrale.al\/?p=70420"},"modified":"2024-02-14T10:21:01","modified_gmt":"2024-02-14T10:21:01","slug":"dorehiqet-drejtori-i-pergjithshem-i-burgjeve-admir-abrija","status":"publish","type":"post","link":"https:\/\/neutrale.al\/index.php\/2024\/02\/14\/dorehiqet-drejtori-i-pergjithshem-i-burgjeve-admir-abrija\/","title":{"rendered":"Dor\u00ebhiqet Drejtori i P\u00ebrgjithsh\u00ebm i Burgjeve, Admir Abrija"},"content":{"rendered":"<p>\u00cbsht\u00eb dor\u00ebhequr nga detyra Admir Abrija, Drejtor i P\u00ebrgjithsh\u00ebm i Burgjeve.<\/p>\n<p>Ende nuk jan\u00eb publikuar arsyet q\u00eb e kan\u00eb \u00e7uar zyrtarin e lart\u00eb p\u00ebr t\u00eb marr\u00eb k\u00ebt\u00eb vendim<\/p>\n","protected":false},"excerpt":{"rendered":"<p>\u00cbsht\u00eb dor\u00ebhequr nga detyra Admir Abrija, Drejtor i P\u00ebrgjithsh\u00ebm i Burgjeve. Ende nuk jan\u00eb publikuar arsyet q\u00eb e kan\u00eb \u00e7uar zyrtarin e lart\u00eb p\u00ebr t\u00eb marr\u00eb k\u00ebt\u00eb vendim<\/p>\n","protected":false},"author":2,"featured_media":70421,"comment_status":"open","ping_status":"open","sticky":false,"template":"","format":"standard","meta":{"footnotes":""},"categories":[118],"tags":[],"class_list":{"0":"post-70420","1":"post","2":"type-post","3":"status-publish","4":"format-standard","5":"has-post-thumbnail","7":"category-kryesore"},"_links":{"self":[{"href":"https:\/\/neutrale.al\/index.php\/wp-json\/wp\/v2\/posts\/70420","targetHints":{"allow":["GET"]}}],"collection":[{"href":"https:\/\/neutrale.al\/index.php\/wp-json\/wp\/v2\/posts"}],"about":[{"href":"https:\/\/neutrale.al\/index.php\/wp-json\/wp\/v2\/types\/post"}],"author":[{"embeddable":true,"href":"https:\/\/neutrale.al\/index.php\/wp-json\/wp\/v2\/users\/2"}],"replies":[{"embeddable":true,"href":"https:\/\/neutrale.al\/index.php\/wp-json\/wp\/v2\/comments?post=70420"}],"version-history":[{"count":1,"href":"https:\/\/neutrale.al\/index.php\/wp-json\/wp\/v2\/posts\/70420\/revisions"}],"predecessor-version":[{"id":70422,"href":"https:\/\/neutrale.al\/index.php\/wp-json\/wp\/v2\/posts\/70420\/revisions\/70422"}],"wp:featuredmedia":[{"embeddable":true,"href":"https:\/\/neutrale.al\/index.php\/wp-json\/wp\/v2\/media\/70421"}],"wp:attachment":[{"href":"https:\/\/neutrale.al\/index.php\/wp-json\/wp\/v2\/media?parent=70420"}],"wp:term":[{"taxonomy":"category","embeddable":true,"href":"https:\/\/neutrale.al\/index.php\/wp-json\/wp\/v2\/categories?post=70420"},{"taxonomy":"post_tag","embeddable":true,"href":"https:\/\/neutrale.al\/index.php\/wp-json\/wp\/v2\/tags?post=70420"}],"curies":[{"name":"wp","href":"https:\/\/api.w.org\/{rel}","templated":true}]}}