{"id":70227,"date":"2024-02-10T11:32:05","date_gmt":"2024-02-10T11:32:05","guid":{"rendered":"https:\/\/neutrale.al\/?p=70227"},"modified":"2024-02-10T11:32:05","modified_gmt":"2024-02-10T11:32:05","slug":"kurbin-del-foto-e-ekonomistit-70-vjecar-qe-u-vra-ne-vendin-e-punes","status":"publish","type":"post","link":"https:\/\/neutrale.al\/index.php\/2024\/02\/10\/kurbin-del-foto-e-ekonomistit-70-vjecar-qe-u-vra-ne-vendin-e-punes\/","title":{"rendered":"Kurbin\/ Del foto e ekonomistit 70-vje\u00e7ar q\u00eb u vra n\u00eb vendin e pun\u00ebs"},"content":{"rendered":"<p>Personi q\u00eb shihni n\u00eb foto \u00ebsht\u00eb Selman Mihana, ekonomisti q\u00eb mbeti i vrar\u00eb n\u00eb vendin e tij t\u00eb pun\u00ebs, nd\u00ebrkoh\u00eb q\u00eb u plagos pronari i tij.<\/p>\n<p>70-vje\u00e7ari shkoi si \u00e7do dit\u00eb n\u00eb pun\u00eb n\u00eb or\u00ebn 7, por nuk e dinte q\u00eb kjo do ishte e fundit p\u00ebr t\u00eb.<\/p>\n<p>Krimi u sh\u00ebnua n\u00eb Gur\u00ebz t\u00eb Kurbinit, ku ndodhet firma e inerteve n\u00eb pron\u00ebsi t\u00eb 51-vje\u00e7arit Ardjan Gjeloshi dhe ku punonte Selman Mihana.<\/p>\n<p>Ardjan Gjeloshi bashk\u00eb me ekonomistin e firm\u00ebs s\u00eb tij Selman Mihana, ishin duke u futur brenda zyrave t\u00eb kompanis\u00eb, kur ndaj tyre \u00ebsht\u00eb q\u00eblluar me arm\u00eb zjarri.<\/p>\n<p>Autor\u00ebt pjes\u00ebmarr\u00ebs n\u00eb krim dyshohen t\u00eb ken\u00eb qen\u00eb m\u00eb shum\u00eb se dy, nd\u00ebrsa mbetet ende e paqart\u00eb se sa prej tyre kan\u00eb qen\u00eb n\u00eb rolin e qit\u00ebsit.<\/p>\n<p>Ajo q\u00eb \u00ebsht\u00eb konfirmar nga hetimet paraprake \u00ebsht\u00eb se objektivi i sulmit ishte pronari Ardjan Gjeloshi.<\/p>\n","protected":false},"excerpt":{"rendered":"<p>Personi q\u00eb shihni n\u00eb foto \u00ebsht\u00eb Selman Mihana, ekonomisti q\u00eb mbeti i vrar\u00eb n\u00eb vendin e tij t\u00eb pun\u00ebs, nd\u00ebrkoh\u00eb q\u00eb u plagos pronari i tij. 70-vje\u00e7ari shkoi si \u00e7do dit\u00eb n\u00eb pun\u00eb n\u00eb or\u00ebn 7, por nuk e dinte q\u00eb kjo do ishte e fundit p\u00ebr t\u00eb. Krimi u sh\u00ebnua n\u00eb Gur\u00ebz t\u00eb Kurbinit, [&hellip;]<\/p>\n","protected":false},"author":2,"featured_media":70228,"comment_status":"open","ping_status":"open","sticky":false,"template":"","format":"standard","meta":{"footnotes":""},"categories":[117],"tags":[27],"class_list":{"0":"post-70227","1":"post","2":"type-post","3":"status-publish","4":"format-standard","5":"has-post-thumbnail","7":"category-aktualitet","8":"tag-lajme"},"_links":{"self":[{"href":"https:\/\/neutrale.al\/index.php\/wp-json\/wp\/v2\/posts\/70227","targetHints":{"allow":["GET"]}}],"collection":[{"href":"https:\/\/neutrale.al\/index.php\/wp-json\/wp\/v2\/posts"}],"about":[{"href":"https:\/\/neutrale.al\/index.php\/wp-json\/wp\/v2\/types\/post"}],"author":[{"embeddable":true,"href":"https:\/\/neutrale.al\/index.php\/wp-json\/wp\/v2\/users\/2"}],"replies":[{"embeddable":true,"href":"https:\/\/neutrale.al\/index.php\/wp-json\/wp\/v2\/comments?post=70227"}],"version-history":[{"count":1,"href":"https:\/\/neutrale.al\/index.php\/wp-json\/wp\/v2\/posts\/70227\/revisions"}],"predecessor-version":[{"id":70229,"href":"https:\/\/neutrale.al\/index.php\/wp-json\/wp\/v2\/posts\/70227\/revisions\/70229"}],"wp:featuredmedia":[{"embeddable":true,"href":"https:\/\/neutrale.al\/index.php\/wp-json\/wp\/v2\/media\/70228"}],"wp:attachment":[{"href":"https:\/\/neutrale.al\/index.php\/wp-json\/wp\/v2\/media?parent=70227"}],"wp:term":[{"taxonomy":"category","embeddable":true,"href":"https:\/\/neutrale.al\/index.php\/wp-json\/wp\/v2\/categories?post=70227"},{"taxonomy":"post_tag","embeddable":true,"href":"https:\/\/neutrale.al\/index.php\/wp-json\/wp\/v2\/tags?post=70227"}],"curies":[{"name":"wp","href":"https:\/\/api.w.org\/{rel}","templated":true}]}}