{"id":70142,"date":"2024-02-08T17:08:27","date_gmt":"2024-02-08T17:08:27","guid":{"rendered":"https:\/\/neutrale.al\/?p=70142"},"modified":"2024-02-08T17:08:27","modified_gmt":"2024-02-08T17:08:27","slug":"cilat-vende-te-be-se-i-kane-rikthyer-kontrollet-kufitare","status":"publish","type":"post","link":"https:\/\/neutrale.al\/index.php\/2024\/02\/08\/cilat-vende-te-be-se-i-kane-rikthyer-kontrollet-kufitare\/","title":{"rendered":"Cilat vende t\u00eb BE-s\u00eb i kan\u00eb rikthyer kontrollet kufitare?"},"content":{"rendered":"<p>Bashkimi Evropian \u00ebsht\u00eb duke u p\u00ebrballur me rritje t\u00eb numrit t\u00eb migrant\u00ebve t\u00eb ligjsh\u00ebm e t\u00eb paligjsh\u00ebm, \u00e7ka i ka detyruar disa vende an\u00ebtare q\u00eb t\u2019i rikthejn\u00eb kontrollet kufitare brenda asaj q\u00eb njihet si zon\u00eb e l\u00ebvizjes s\u00eb lir\u00eb \u2013 Zon\u00ebs Schengen.<\/p>\n<p>Rregullat e Schengenit e konsiderojn\u00eb k\u00ebt\u00eb si mas\u00ebn e fundit p\u00ebr t\u00eb shmangur k\u00ebrc\u00ebnime serioze n\u00eb sigurin\u00eb e brendshme dhe politikat publike.<\/p>\n<p>????Austria po kryen kontrolle n\u00eb kufi me Republik\u00ebn \u00c7eke, mas\u00eb q\u00eb skadon m\u00eb 16 shkurt; me Sllovenin\u00eb dhe Hungarin\u00eb deri n\u00eb maj; me Sllovakin\u00eb deri m\u00eb 2 prill.<\/p>\n<p>????Vjena e ka p\u00ebrmendur si arsyetim p\u00ebr kthim t\u00eb kontrolleve, presionin n\u00eb sistemin p\u00ebr pranim t\u00eb azilit, si dhe shqet\u00ebsimet p\u00ebr arm\u00eb, kontraband\u00eb me njer\u00ebz dhe rrjetet kriminale, t\u00eb lidhura me luft\u00ebn n\u00eb Ukrain\u00eb.<\/p>\n<p>????Danimarka \u00ebsht\u00eb duke kryer kontrolle n\u00eb tok\u00eb dhe det p\u00ebr transitin prej Gjermanis\u00eb, deri n\u00eb maj, sipas nj\u00eb komisioni t\u00eb BE-s\u00eb.<\/p>\n<p>????Franca i ka p\u00ebrmendur k\u00ebrc\u00ebnimet p\u00ebr terroriz\u00ebm, kur i ka rikthyer kontrollet kufitare me vendet tjera t\u00eb Schengenit, t\u00eb pakt\u00ebn deri m\u00eb 30 prill.<\/p>\n<p>????Gjermania ka kontrolle kufitare n\u00eb kufijt\u00eb tok\u00ebsor\u00eb me Polonin\u00eb, Republik\u00ebn \u00c7eke, dhe Zvicr\u00ebn, deri m\u00eb 15 maj, duke e cituar rritjen e shkall\u00ebs s\u00eb migrimit dhe kontraband\u00ebn.<\/p>\n<p>????Kontrollet n\u00eb kufijt\u00eb tok\u00ebsor\u00eb t\u00eb Austris\u00eb do t\u00eb jen\u00eb n\u00eb fuqi deri n\u00eb maj.<\/p>\n<p>????Kontrollet kufitare t\u00eb Italis\u00eb me Sllovenin\u00eb do t\u00eb jen\u00eb n\u00eb fuqi deri n\u00eb qershor, pasi Roma ka th\u00ebn\u00eb se migrant\u00ebt q\u00eb shkojn\u00eb atje, p\u00ebrmes Ballkanit, mund t\u00eb jen\u00eb terrorist\u00eb.<\/p>\n<p>????Norvegjia, e cila nuk \u00ebsht\u00eb an\u00ebtare e BE-s\u00eb, po \u00ebsht\u00eb pjes\u00eb e marr\u00ebveshjes p\u00ebr Schengen, i ka rikthyer kontrollet n\u00eb porte, ku shkojn\u00eb anijet q\u00eb jan\u00eb nisur prej Zon\u00ebs Schengen, deri n\u00eb fund t\u00eb majit, duke i cituar k\u00ebrc\u00ebnimet n\u00eb infrastruktur\u00ebn e saj prej sh\u00ebrbimeve t\u00eb huaja t\u00eb inteligjenc\u00ebs.<\/p>\n<p>????Polonia ka vendosur kontrolle n\u00eb pikat kufitare me Sllovakin\u00eb, deri n\u00eb maj, duke i p\u00ebrmendur tentimet e migrant\u00ebve p\u00ebr t\u00eb hyr\u00eb ilegalisht n\u00eb k\u00ebt\u00eb shtet.<\/p>\n<p>????Sllovenia i ka rikthyer kontrollet kufitare n\u00eb pikat me Kroacin\u00eb dhe Hungarin\u00eb, deri n\u00eb qershor, duke e p\u00ebrmendur p\u00ebrkeq\u00ebsimin e situat\u00ebs n\u00eb Lindje t\u00eb Mesme dhe Ukrain\u00eb, shkall\u00ebn e lart\u00eb t\u00eb k\u00ebrc\u00ebnimit p\u00ebr terroriz\u00ebm dhe krimin e organizuar n\u00eb Ballkanin Per\u00ebndimor.<\/p>\n<p>????Suedia i ka ashp\u00ebrsuar kontrollet kufitare deri n\u00eb maj, duke th\u00ebn\u00eb se ka penguar sulme prej koh\u00ebs kur djegiet e Kuranit pat\u00ebn nxitur k\u00ebrc\u00ebnime prej militant\u00ebve islamist\u00eb.<\/p>\n<p>????Ndaras, Finlanda i ka mbyllur pikat kufitare me Rusin\u00eb \u2013 e cila nuk \u00ebsht\u00eb pjes\u00eb e Schengenit \u2013 deri n\u00eb prill, si p\u00ebrgjigje ndaj rritjes s\u00eb numrit t\u00eb azilk\u00ebrkuesve prej vendeve t\u00eb treta, duke th\u00ebn\u00eb se k\u00ebto veprime jan\u00eb orkestruar prej Mosk\u00ebs.<\/p>\n<p>Kremlini, n\u00eb an\u00ebn tjet\u00ebr, i hedh posht\u00eb k\u00ebto akuza. \/REL\/<\/p>\n","protected":false},"excerpt":{"rendered":"<p>Bashkimi Evropian \u00ebsht\u00eb duke u p\u00ebrballur me rritje t\u00eb numrit t\u00eb migrant\u00ebve t\u00eb ligjsh\u00ebm e t\u00eb paligjsh\u00ebm, \u00e7ka i ka detyruar disa vende an\u00ebtare q\u00eb t\u2019i rikthejn\u00eb kontrollet kufitare brenda asaj q\u00eb njihet si zon\u00eb e l\u00ebvizjes s\u00eb lir\u00eb \u2013 Zon\u00ebs Schengen. Rregullat e Schengenit e konsiderojn\u00eb k\u00ebt\u00eb si mas\u00ebn e fundit p\u00ebr t\u00eb shmangur [&hellip;]<\/p>\n","protected":false},"author":2,"featured_media":70143,"comment_status":"open","ping_status":"open","sticky":false,"template":"","format":"standard","meta":{"footnotes":""},"categories":[12,118],"tags":[],"class_list":{"0":"post-70142","1":"post","2":"type-post","3":"status-publish","4":"format-standard","5":"has-post-thumbnail","7":"category-bota","8":"category-kryesore"},"_links":{"self":[{"href":"https:\/\/neutrale.al\/index.php\/wp-json\/wp\/v2\/posts\/70142","targetHints":{"allow":["GET"]}}],"collection":[{"href":"https:\/\/neutrale.al\/index.php\/wp-json\/wp\/v2\/posts"}],"about":[{"href":"https:\/\/neutrale.al\/index.php\/wp-json\/wp\/v2\/types\/post"}],"author":[{"embeddable":true,"href":"https:\/\/neutrale.al\/index.php\/wp-json\/wp\/v2\/users\/2"}],"replies":[{"embeddable":true,"href":"https:\/\/neutrale.al\/index.php\/wp-json\/wp\/v2\/comments?post=70142"}],"version-history":[{"count":1,"href":"https:\/\/neutrale.al\/index.php\/wp-json\/wp\/v2\/posts\/70142\/revisions"}],"predecessor-version":[{"id":70144,"href":"https:\/\/neutrale.al\/index.php\/wp-json\/wp\/v2\/posts\/70142\/revisions\/70144"}],"wp:featuredmedia":[{"embeddable":true,"href":"https:\/\/neutrale.al\/index.php\/wp-json\/wp\/v2\/media\/70143"}],"wp:attachment":[{"href":"https:\/\/neutrale.al\/index.php\/wp-json\/wp\/v2\/media?parent=70142"}],"wp:term":[{"taxonomy":"category","embeddable":true,"href":"https:\/\/neutrale.al\/index.php\/wp-json\/wp\/v2\/categories?post=70142"},{"taxonomy":"post_tag","embeddable":true,"href":"https:\/\/neutrale.al\/index.php\/wp-json\/wp\/v2\/tags?post=70142"}],"curies":[{"name":"wp","href":"https:\/\/api.w.org\/{rel}","templated":true}]}}