{"id":70072,"date":"2024-02-07T19:16:43","date_gmt":"2024-02-07T19:16:43","guid":{"rendered":"https:\/\/neutrale.al\/?p=70072"},"modified":"2024-02-07T19:16:43","modified_gmt":"2024-02-07T19:16:43","slug":"barcelone-spanje-fermeret-me-trakoret-e-tyre-paralizojne-qytetin","status":"publish","type":"post","link":"https:\/\/neutrale.al\/index.php\/2024\/02\/07\/barcelone-spanje-fermeret-me-trakoret-e-tyre-paralizojne-qytetin\/","title":{"rendered":"BARCELON\u00cb- Spanj\u00eb\/ Fermer\u00ebt me trakor\u00ebt e tyre paralizojn\u00eb qytetin"},"content":{"rendered":"<p> &#8211; Karvan\u00ebt e traktor\u00ebve u mblodh\u00ebn n\u00eb qend\u00ebr t\u00eb qytetit t\u00eb Barcelon\u00ebs t\u00eb m\u00ebrkur\u00ebn dhe fermer\u00ebt bllokuan rrug\u00ebt n\u00eb t\u00eb gjith\u00eb Spanj\u00ebn n\u00eb protesta kund\u00ebr kostove t\u00eb larta, burokracis\u00eb dhe konkurrenc\u00ebs s\u00eb lir\u00eb q\u00eb jan\u00eb p\u00ebrhapur nga vende t\u00eb tjera n\u00eb Evrop\u00eb. N\u00eb dit\u00ebn e dyt\u00eb t\u00eb protestave, fermer\u00ebt spanjoll\u00eb planifikuan t\u00eb pengonin trafikun dhe t\u00eb takoheshin me autoritetet lokale p\u00ebr t\u00eb shpjeguar ankesat e tyre. Rreth 15 rrug\u00eb kryesore u bllokuan n\u00eb t\u00eb gjith\u00eb Spanj\u00ebn pasditen e s\u00eb m\u00ebrkur\u00ebs, than\u00eb autoritetet e trafikut. Fermer\u00ebt n\u00eb t\u00eb gjith\u00eb Evrop\u00ebn, duke p\u00ebrfshir\u00eb Gjermanin\u00eb, Franc\u00ebn, Italin\u00eb dhe Belgjik\u00ebn, kan\u00eb organizuar protesta ndonj\u00ebher\u00eb t\u00eb dhunshme.<\/p>\n","protected":false},"excerpt":{"rendered":"<p>&#8211; Karvan\u00ebt e traktor\u00ebve u mblodh\u00ebn n\u00eb qend\u00ebr t\u00eb qytetit t\u00eb Barcelon\u00ebs t\u00eb m\u00ebrkur\u00ebn dhe fermer\u00ebt bllokuan rrug\u00ebt n\u00eb t\u00eb gjith\u00eb Spanj\u00ebn n\u00eb protesta kund\u00ebr kostove t\u00eb larta, burokracis\u00eb dhe konkurrenc\u00ebs s\u00eb lir\u00eb q\u00eb jan\u00eb p\u00ebrhapur nga vende t\u00eb tjera n\u00eb Evrop\u00eb. N\u00eb dit\u00ebn e dyt\u00eb t\u00eb protestave, fermer\u00ebt spanjoll\u00eb planifikuan t\u00eb pengonin trafikun dhe [&hellip;]<\/p>\n","protected":false},"author":2,"featured_media":70073,"comment_status":"open","ping_status":"open","sticky":false,"template":"","format":"standard","meta":{"footnotes":""},"categories":[12],"tags":[27],"class_list":{"0":"post-70072","1":"post","2":"type-post","3":"status-publish","4":"format-standard","5":"has-post-thumbnail","7":"category-bota","8":"tag-lajme"},"_links":{"self":[{"href":"https:\/\/neutrale.al\/index.php\/wp-json\/wp\/v2\/posts\/70072","targetHints":{"allow":["GET"]}}],"collection":[{"href":"https:\/\/neutrale.al\/index.php\/wp-json\/wp\/v2\/posts"}],"about":[{"href":"https:\/\/neutrale.al\/index.php\/wp-json\/wp\/v2\/types\/post"}],"author":[{"embeddable":true,"href":"https:\/\/neutrale.al\/index.php\/wp-json\/wp\/v2\/users\/2"}],"replies":[{"embeddable":true,"href":"https:\/\/neutrale.al\/index.php\/wp-json\/wp\/v2\/comments?post=70072"}],"version-history":[{"count":2,"href":"https:\/\/neutrale.al\/index.php\/wp-json\/wp\/v2\/posts\/70072\/revisions"}],"predecessor-version":[{"id":70075,"href":"https:\/\/neutrale.al\/index.php\/wp-json\/wp\/v2\/posts\/70072\/revisions\/70075"}],"wp:featuredmedia":[{"embeddable":true,"href":"https:\/\/neutrale.al\/index.php\/wp-json\/wp\/v2\/media\/70073"}],"wp:attachment":[{"href":"https:\/\/neutrale.al\/index.php\/wp-json\/wp\/v2\/media?parent=70072"}],"wp:term":[{"taxonomy":"category","embeddable":true,"href":"https:\/\/neutrale.al\/index.php\/wp-json\/wp\/v2\/categories?post=70072"},{"taxonomy":"post_tag","embeddable":true,"href":"https:\/\/neutrale.al\/index.php\/wp-json\/wp\/v2\/tags?post=70072"}],"curies":[{"name":"wp","href":"https:\/\/api.w.org\/{rel}","templated":true}]}}