{"id":69954,"date":"2024-02-06T14:02:49","date_gmt":"2024-02-06T14:02:49","guid":{"rendered":"https:\/\/neutrale.al\/?p=69954"},"modified":"2024-02-06T14:02:49","modified_gmt":"2024-02-06T14:02:49","slug":"benet-beci-hedh-ne-rruge-180-nepunes-te-bashkise-shkoder-eliona-kodra-shkreli-nuk-ka-ndodhur-asnjehere-ne-shkoder-kohet-e-erreta-sapo-filluan","status":"publish","type":"post","link":"https:\/\/neutrale.al\/index.php\/2024\/02\/06\/benet-beci-hedh-ne-rruge-180-nepunes-te-bashkise-shkoder-eliona-kodra-shkreli-nuk-ka-ndodhur-asnjehere-ne-shkoder-kohet-e-erreta-sapo-filluan\/","title":{"rendered":"Benet Beci hedh n\u00eb rrug\u00eb 180 n\u00ebpun\u00ebs t\u00eb Bashkis\u00eb Shkod\u00ebr\/ Eliona Kodra Shkreli: Nuk ka ndodhur asnj\u00ebher\u00eb n\u00eb Shkod\u00ebr&#8230;Koh\u00ebt e err\u00ebta sapo filluan"},"content":{"rendered":"<p>Qindra shkodran\u00eb jan\u00eb hedhur sot n\u00eb rrug\u00eb t\u00eb madhe, n\u00eb kuad\u00ebr t\u00eb &#8216;shkrirjes s\u00eb ristrukturuar&#8217; t\u00eb Beneti and CO.<\/p>\n<p>Prej sot rreth qindra persona kan\u00eb mbetur pa pun\u00eb sepse n\u00eb k\u00ebto koh\u00eb varf\u00ebrie q\u00eb p\u00ebrjeton Shkodra, kryebashkiaku tiranas ka vler\u00ebsuar q\u00eb numri I t\u00eb papun\u00ebve duhet shtuar n\u00eb k\u00ebt\u00eb qytet&#8230;<\/p>\n<p>N\u00eb 32 vite pluraliz\u00ebm, nuk ka ndodhur asnj\u00ebher\u00eb q\u00eb n\u00eb Shkod\u00ebr burra, gra, vajza dhe individ\u00eb q\u00eb i mungon 1 vit p\u00ebr t\u00eb dal\u00eb n\u00eb pension, t\u00eb hiqen nga puna n\u00eb mas\u00eb, pa u njoftuar asnj\u00eb dit\u00eb p\u00ebrpara p\u00ebrve\u00e7se kur i ka shkuar n\u00eb dor\u00eb zarfi i pushimit nga puna. <\/p>\n<p>Dita e sotme thellon kriz\u00ebn e papun\u00ebsis\u00eb, thellon varf\u00ebrin\u00eb, thellon shpopullimin, thellon ndjenj\u00ebn e pashpres\u00eb t\u00eb shkodran\u00ebve. Lapsi i ra sot qindra qytetar\u00ebve duke paralajm\u00ebruar se koh\u00ebt e v\u00ebshtira sapo kan\u00eb filluar edhe n\u00eb Shkod\u00ebr. Sistemi komunist nuk kishte asnj\u00eb ndryshim nga sistemi i sot\u00ebm rilindas q\u00eb ka l\u00ebshuar tentakulat edhe n\u00eb Shkod\u00ebr pas grabitjes q\u00eb iu b\u00eb k\u00ebtij qyteti n\u00eb votimet e 14 Maj-it.<\/p>\n<p>Kthehuni pas e kujtoni letr\u00ebn elektorale me t\u00eb cil\u00ebn iu drejtua kandidati Beci punonj\u00ebsve t\u00eb Bashkis\u00eb Shkod\u00ebr, dhe kuptoni mashtrimet me t\u00eb cilat ka synuar dhe synon t&#8217;i shp\u00ebrlaj\u00eb trurin shkodran\u00ebve!<\/p>\n<p>Koha \u00ebsht\u00eb p\u00ebr reagim, shkodran\u00ebt t\u00eb tregojn\u00eb veten dhe historin\u00eb e tyre p\u00ebr t\u00eb mos iu n\u00ebnshtruar regjimeve diktatoriale, t\u00eb reagojn\u00eb n\u00eb mbrojtje t\u00eb t\u00eb drejtave t\u00eb tyre. Nuk mundet nj\u00eb i ardhur nga Tirana t&#8217;i heq\u00eb buk\u00ebn e goj\u00ebs shkodran\u00ebve demokrat\u00eb vet\u00ebm p\u00ebr hakmarrje politike apo p\u00ebr t\u00eb v\u00ebn\u00eb n\u00eb v\u00ebnd porosit\u00eb e kryerilindasit.<\/p>\n<p>Sot Shkodra \u00ebsht\u00eb zgjuar n\u00eb mjerimin e papun\u00ebsis\u00eb s\u00eb qindra shkodran\u00ebve. Koh\u00ebt e err\u00ebta sapo kan\u00eb filluar&#8230;<\/p>\n","protected":false},"excerpt":{"rendered":"<p>Qindra shkodran\u00eb jan\u00eb hedhur sot n\u00eb rrug\u00eb t\u00eb madhe, n\u00eb kuad\u00ebr t\u00eb &#8216;shkrirjes s\u00eb ristrukturuar&#8217; t\u00eb Beneti and CO. Prej sot rreth qindra persona kan\u00eb mbetur pa pun\u00eb sepse n\u00eb k\u00ebto koh\u00eb varf\u00ebrie q\u00eb p\u00ebrjeton Shkodra, kryebashkiaku tiranas ka vler\u00ebsuar q\u00eb numri I t\u00eb papun\u00ebve duhet shtuar n\u00eb k\u00ebt\u00eb qytet&#8230; N\u00eb 32 vite pluraliz\u00ebm, nuk [&hellip;]<\/p>\n","protected":false},"author":2,"featured_media":69955,"comment_status":"open","ping_status":"open","sticky":false,"template":"","format":"standard","meta":{"footnotes":""},"categories":[9],"tags":[],"class_list":{"0":"post-69954","1":"post","2":"type-post","3":"status-publish","4":"format-standard","5":"has-post-thumbnail","7":"category-politika"},"_links":{"self":[{"href":"https:\/\/neutrale.al\/index.php\/wp-json\/wp\/v2\/posts\/69954","targetHints":{"allow":["GET"]}}],"collection":[{"href":"https:\/\/neutrale.al\/index.php\/wp-json\/wp\/v2\/posts"}],"about":[{"href":"https:\/\/neutrale.al\/index.php\/wp-json\/wp\/v2\/types\/post"}],"author":[{"embeddable":true,"href":"https:\/\/neutrale.al\/index.php\/wp-json\/wp\/v2\/users\/2"}],"replies":[{"embeddable":true,"href":"https:\/\/neutrale.al\/index.php\/wp-json\/wp\/v2\/comments?post=69954"}],"version-history":[{"count":2,"href":"https:\/\/neutrale.al\/index.php\/wp-json\/wp\/v2\/posts\/69954\/revisions"}],"predecessor-version":[{"id":69957,"href":"https:\/\/neutrale.al\/index.php\/wp-json\/wp\/v2\/posts\/69954\/revisions\/69957"}],"wp:featuredmedia":[{"embeddable":true,"href":"https:\/\/neutrale.al\/index.php\/wp-json\/wp\/v2\/media\/69955"}],"wp:attachment":[{"href":"https:\/\/neutrale.al\/index.php\/wp-json\/wp\/v2\/media?parent=69954"}],"wp:term":[{"taxonomy":"category","embeddable":true,"href":"https:\/\/neutrale.al\/index.php\/wp-json\/wp\/v2\/categories?post=69954"},{"taxonomy":"post_tag","embeddable":true,"href":"https:\/\/neutrale.al\/index.php\/wp-json\/wp\/v2\/tags?post=69954"}],"curies":[{"name":"wp","href":"https:\/\/api.w.org\/{rel}","templated":true}]}}