{"id":69935,"date":"2024-02-06T12:01:47","date_gmt":"2024-02-06T12:01:47","guid":{"rendered":"https:\/\/neutrale.al\/?p=69935"},"modified":"2024-02-06T12:01:47","modified_gmt":"2024-02-06T12:01:47","slug":"garda-nuk-lejon-deputetet-e-opozites-te-futen-ne-salle-noka-rama-e-ka-shnderruar-nga-republike-parlamentare-ne-republike-te-gardes","status":"publish","type":"post","link":"https:\/\/neutrale.al\/index.php\/2024\/02\/06\/garda-nuk-lejon-deputetet-e-opozites-te-futen-ne-salle-noka-rama-e-ka-shnderruar-nga-republike-parlamentare-ne-republike-te-gardes\/","title":{"rendered":"Garda nuk lejon deputet\u00ebt e opozit\u00ebs t\u00eb futen n\u00eb sall\u00eb\/ Noka: Rama e ka shnd\u00ebrruar nga Republik\u00eb parlamentare n\u00eb Republik\u00eb t\u00eb Gard\u00ebs!"},"content":{"rendered":"<p>Sekretari i P\u00ebrgjithsh\u00ebm i PD, deputeti Flamur Noka ka kryesuar grupin e deputet\u00ebve t\u00eb opozit\u00ebs q\u00eb jan\u00eb p\u00ebrpjekur sot mes t\u00eb shtyrave nga gardist\u00ebt, q\u00eb t\u00eb hyjn\u00eb n\u00eb mbledhjen e Komisionit t\u00eb Reform\u00ebs Zgjedhore.<\/p>\n<p>Noka \u00ebsht\u00eb detyruar t\u00eb marr\u00eb n\u00eb mbrojtje gazetar\u00ebt dhe operator\u00ebt, pasi edhe ata jan\u00eb penguar nga gardist\u00ebt po nj\u00ebsoj si opozitar\u00ebt p\u00ebr t\u00eb mos hyr\u00eb n\u00eb komision.<\/p>\n<p>Me tone t\u00eb larta, Flamur Noka \u00ebsht\u00eb detyruar t\u00eb zbuloj\u00eb para opinionit publik, at\u00eb bllokazh q\u00eb mazhoranca po i b\u00ebn opozit\u00ebs p\u00ebr ta penguar pjes\u00ebmarrjen e saj n\u00eb mbledhjen e r\u00ebnd\u00ebsishme t\u00eb Komisionit t\u00eb Reform\u00ebs Zgjedhor, duke th\u00ebn\u00eb:<\/p>\n<p>\u201cShiheni Live \u00e7far\u00eb b\u00ebn banda e pushtetit! Jo vet\u00ebm deputet\u00ebt\u2026 A kishte ndodhur ndonj\u00ebher\u00eb n\u00eb ndonj\u00eb vend demokratik q\u00eb i gjith\u00eb grupi parlamentar i opozit\u00ebs t\u00eb lihej jasht\u00eb parlamentit me q\u00ebllim q\u00eb t\u00eb k\u00ebnaqeshin, \u201ct\u00eb masturboheshin\u201d brenda k\u00ebta si n\u00eb nj\u00eb parlament monist pa opozit\u00ebn?! E b\u00ebri dje at\u00eb q\u00eb nuk ishte b\u00ebr\u00eb kurr\u00eb, Edi Rama, n\u00ebp\u00ebrmjet asaj kukull\u00ebs Barbie q\u00eb e telekomandon.<\/p>\n<p>Shikojeni sot, as deputet\u00ebt nuk lejojn\u00eb, as gazetar\u00ebt, se duan ta b\u00ebjn\u00eb gjith\u00e7ka n\u00eb err\u00ebsir\u00eb! Armik i mediave dhe i liris\u00eb s\u00eb mediave, armik i liris\u00eb nejr\u00ebzore \u00ebsht\u00eb ky. Shikoni gardist\u00ebt, e ka shnd\u00ebrruar nga republik\u00eb parlamentare n\u00eb republik\u00eb t\u00eb gard\u00ebs!\u201d<\/p>\n","protected":false},"excerpt":{"rendered":"<p>Sekretari i P\u00ebrgjithsh\u00ebm i PD, deputeti Flamur Noka ka kryesuar grupin e deputet\u00ebve t\u00eb opozit\u00ebs q\u00eb jan\u00eb p\u00ebrpjekur sot mes t\u00eb shtyrave nga gardist\u00ebt, q\u00eb t\u00eb hyjn\u00eb n\u00eb mbledhjen e Komisionit t\u00eb Reform\u00ebs Zgjedhore. Noka \u00ebsht\u00eb detyruar t\u00eb marr\u00eb n\u00eb mbrojtje gazetar\u00ebt dhe operator\u00ebt, pasi edhe ata jan\u00eb penguar nga gardist\u00ebt po nj\u00ebsoj si opozitar\u00ebt [&hellip;]<\/p>\n","protected":false},"author":2,"featured_media":69936,"comment_status":"open","ping_status":"open","sticky":false,"template":"","format":"standard","meta":{"footnotes":""},"categories":[118,107,9],"tags":[],"class_list":{"0":"post-69935","1":"post","2":"type-post","3":"status-publish","4":"format-standard","5":"has-post-thumbnail","7":"category-kryesore","8":"category-kuriozitete","9":"category-politika"},"_links":{"self":[{"href":"https:\/\/neutrale.al\/index.php\/wp-json\/wp\/v2\/posts\/69935","targetHints":{"allow":["GET"]}}],"collection":[{"href":"https:\/\/neutrale.al\/index.php\/wp-json\/wp\/v2\/posts"}],"about":[{"href":"https:\/\/neutrale.al\/index.php\/wp-json\/wp\/v2\/types\/post"}],"author":[{"embeddable":true,"href":"https:\/\/neutrale.al\/index.php\/wp-json\/wp\/v2\/users\/2"}],"replies":[{"embeddable":true,"href":"https:\/\/neutrale.al\/index.php\/wp-json\/wp\/v2\/comments?post=69935"}],"version-history":[{"count":1,"href":"https:\/\/neutrale.al\/index.php\/wp-json\/wp\/v2\/posts\/69935\/revisions"}],"predecessor-version":[{"id":69937,"href":"https:\/\/neutrale.al\/index.php\/wp-json\/wp\/v2\/posts\/69935\/revisions\/69937"}],"wp:featuredmedia":[{"embeddable":true,"href":"https:\/\/neutrale.al\/index.php\/wp-json\/wp\/v2\/media\/69936"}],"wp:attachment":[{"href":"https:\/\/neutrale.al\/index.php\/wp-json\/wp\/v2\/media?parent=69935"}],"wp:term":[{"taxonomy":"category","embeddable":true,"href":"https:\/\/neutrale.al\/index.php\/wp-json\/wp\/v2\/categories?post=69935"},{"taxonomy":"post_tag","embeddable":true,"href":"https:\/\/neutrale.al\/index.php\/wp-json\/wp\/v2\/tags?post=69935"}],"curies":[{"name":"wp","href":"https:\/\/api.w.org\/{rel}","templated":true}]}}