{"id":69725,"date":"2024-02-02T18:47:29","date_gmt":"2024-02-02T18:47:29","guid":{"rendered":"https:\/\/neutrale.al\/?p=69725"},"modified":"2024-02-02T18:47:29","modified_gmt":"2024-02-02T18:47:29","slug":"helmimi-i-18-vjecares-reagojne-prinderit-burri-e-coi-drejt-helmimit-e-akuzonte-per-tradhti","status":"publish","type":"post","link":"https:\/\/neutrale.al\/index.php\/2024\/02\/02\/helmimi-i-18-vjecares-reagojne-prinderit-burri-e-coi-drejt-helmimit-e-akuzonte-per-tradhti\/","title":{"rendered":"Helmimi i 18-vje\u00e7ares\/ Reagojn\u00eb prind\u00ebrit: Burri e \u00e7oi drejt helmimit, e akuzonte p\u00ebr tradhti."},"content":{"rendered":"<p>Ngjarja e r\u00ebnd\u00eb ka ndodhur sot n\u00eb Fier-Shegan t\u00eb Lushnjes.<\/p>\n<p>Nj\u00eb 18-vje\u00e7are i dha fund jet\u00ebs tragjikisht duke u helmuar me fotoksin\u00eb k\u00ebt\u00eb t\u00eb premte\u00a0 n\u00eb sht\u00ebpin\u00eb e prind\u00ebrve t\u00eb saj.<\/p>\n<p>Duke iu referuar burimeve policore, MCN raporton se shkaku q\u00eb e \u00e7oi n\u00eb vet\u00ebvrasje t\u00eb ren\u00eb \u00ebsht\u00eb bashk\u00ebshorti i saj, Entilo Draj\u00e7i. T\u00eb pakt\u00ebn k\u00ebshtu pretendojn\u00eb prind\u00ebrit e saj, q\u00eb e kishin marr\u00eb vajz\u00ebn n\u00eb sht\u00ebpi, 1 muaj pasi ishte martuar me 24-vje\u00e7arin.<\/p>\n<p>Raportohet se 18-vje\u00e7arja kishte z\u00ebnka t\u00eb vazhdueshme p\u00ebr shkaqe xhelozie me bashk\u00ebshortin, pasi 24-vje\u00e7ari, i cili kishte nj\u00eb biznes, e akuzonte\u00a0 adoleshenten p\u00ebr lidhje jasht\u00ebmart\u00ebsore.<\/p>\n<p>Vajza \u00ebsht\u00eb ndjer\u00eb n\u00eb presion dhe ka shkuar n\u00eb sht\u00ebpin\u00eb e prind\u00ebrve dhe ka pretenduar se akuzat e bashk\u00ebshortit ishin shpifje, dhe asgj\u00eb s\u2019ishte e v\u00ebrtet\u00eb.<\/p>\n<p>Bashk\u00ebshorti Entilo Draj\u00e7i po ndiqet penalisht n\u00eb gjendje t\u00eb lir\u00eb p\u00ebr shkaktim t\u00eb vet\u00ebvrasjes<\/p>\n","protected":false},"excerpt":{"rendered":"<p>Ngjarja e r\u00ebnd\u00eb ka ndodhur sot n\u00eb Fier-Shegan t\u00eb Lushnjes. Nj\u00eb 18-vje\u00e7are i dha fund jet\u00ebs tragjikisht duke u helmuar me fotoksin\u00eb k\u00ebt\u00eb t\u00eb premte\u00a0 n\u00eb sht\u00ebpin\u00eb e prind\u00ebrve t\u00eb saj. Duke iu referuar burimeve policore, MCN raporton se shkaku q\u00eb e \u00e7oi n\u00eb vet\u00ebvrasje t\u00eb ren\u00eb \u00ebsht\u00eb bashk\u00ebshorti i saj, Entilo Draj\u00e7i. T\u00eb pakt\u00ebn [&hellip;]<\/p>\n","protected":false},"author":2,"featured_media":69726,"comment_status":"open","ping_status":"open","sticky":false,"template":"","format":"standard","meta":{"footnotes":""},"categories":[117],"tags":[27],"class_list":{"0":"post-69725","1":"post","2":"type-post","3":"status-publish","4":"format-standard","5":"has-post-thumbnail","7":"category-aktualitet","8":"tag-lajme"},"_links":{"self":[{"href":"https:\/\/neutrale.al\/index.php\/wp-json\/wp\/v2\/posts\/69725","targetHints":{"allow":["GET"]}}],"collection":[{"href":"https:\/\/neutrale.al\/index.php\/wp-json\/wp\/v2\/posts"}],"about":[{"href":"https:\/\/neutrale.al\/index.php\/wp-json\/wp\/v2\/types\/post"}],"author":[{"embeddable":true,"href":"https:\/\/neutrale.al\/index.php\/wp-json\/wp\/v2\/users\/2"}],"replies":[{"embeddable":true,"href":"https:\/\/neutrale.al\/index.php\/wp-json\/wp\/v2\/comments?post=69725"}],"version-history":[{"count":1,"href":"https:\/\/neutrale.al\/index.php\/wp-json\/wp\/v2\/posts\/69725\/revisions"}],"predecessor-version":[{"id":69727,"href":"https:\/\/neutrale.al\/index.php\/wp-json\/wp\/v2\/posts\/69725\/revisions\/69727"}],"wp:featuredmedia":[{"embeddable":true,"href":"https:\/\/neutrale.al\/index.php\/wp-json\/wp\/v2\/media\/69726"}],"wp:attachment":[{"href":"https:\/\/neutrale.al\/index.php\/wp-json\/wp\/v2\/media?parent=69725"}],"wp:term":[{"taxonomy":"category","embeddable":true,"href":"https:\/\/neutrale.al\/index.php\/wp-json\/wp\/v2\/categories?post=69725"},{"taxonomy":"post_tag","embeddable":true,"href":"https:\/\/neutrale.al\/index.php\/wp-json\/wp\/v2\/tags?post=69725"}],"curies":[{"name":"wp","href":"https:\/\/api.w.org\/{rel}","templated":true}]}}