{"id":6968,"date":"2022-06-27T17:07:12","date_gmt":"2022-06-27T17:07:12","guid":{"rendered":"https:\/\/neutrale.al\/?p=6968"},"modified":"2022-06-27T17:07:12","modified_gmt":"2022-06-27T17:07:12","slug":"urim-gjata-muxhahedinet-dhe-kercenimi-nga-irani","status":"publish","type":"post","link":"https:\/\/neutrale.al\/index.php\/2022\/06\/27\/urim-gjata-muxhahedinet-dhe-kercenimi-nga-irani\/","title":{"rendered":"Urim Gjata\/Muxhahedin\u00ebt dhe k\u00ebrc\u00ebnimi nga Irani!"},"content":{"rendered":"<p>Irani k\u00ebrc\u00ebnon Shqip\u00ebrin\u00eb me akte terroriste \u2026 <\/p>\n<p>Mbas vizit\u00ebs s\u00eb Mike Pence, dhe Pompeo n\u00eb kampin e muxhahedin\u00ebve n\u00eb Shqip\u00ebri, Irani ( MEK )k\u00ebrc\u00ebnon shqip\u00ebrin\u00eb me sulm terrorist \u2026 <\/p>\n<p>Ja \u00e7far\u00eb shkruan n\u00eb twett Ministri i Inteligjenc\u00ebs iranian, Seyyed Esmail Khatib: <\/p>\n<p>\u201dTerrorist\u00ebt e turp\u00ebruar me baz\u00eb n\u00eb Shqip\u00ebri nuk kan\u00eb qen\u00eb dhe nuk do t\u00eb jen\u00eb kurr\u00eb t\u00eb sigurt nga zjarri i hakmarrjes p\u00ebr 12.000 martir\u00ebt e krimeve t\u00eb tyre, edhe n\u00ebse \u00e7do dit\u00eb q\u00eb kalon ata vihen n\u00eb sh\u00ebrbim t\u00eb lider\u00ebve t\u00eb terrorizmit shtet\u00ebror si Trump, Mike Pence dhe Pompeo. <\/p>\n<p>Gjat\u00eb gjith\u00eb koh\u00ebs, \u00e7do dit\u00eb q\u00eb kalon k\u00ebta kriminel\u00eb frik\u00ebsohen edhe m\u00eb shum\u00eb nga ata q\u00eb k\u00ebrkojn\u00eb hakmarrje p\u00ebr gjakun e gjeneralit t\u00eb madh islamik Qassem Soleimani. <\/p>\n<p>\u00cbsht\u00eb nj\u00eb tradit\u00eb hyjnore q\u00eb kriminel\u00ebt si MEK dhe zot\u00ebrinjt\u00eb e tyre , nuk do t\u00eb jen\u00eb kurr\u00eb i sigurt nga zem\u00ebrimi i Zotit.&#8221; <\/p>\n<p>Burimi: Agjencia shtet\u00ebrore e lajmeve Fars, 25 qershor 2022 https:\/\/www.farsnews.ir\/news\/14010404000805<br \/>\n<img loading=\"lazy\" loading=\"lazy\" decoding=\"async\" src=\"https:\/\/neutrale.al\/wp-content\/uploads\/2022\/06\/64EB11DB-E16C-4201-8463-FEF17C3DBF40-165x300.jpeg\" alt=\"\" width=\"165\" height=\"300\" class=\"alignnone size-medium wp-image-6969\" srcset=\"https:\/\/neutrale.al\/wp-content\/uploads\/2022\/06\/64EB11DB-E16C-4201-8463-FEF17C3DBF40-165x300.jpeg 165w, https:\/\/neutrale.al\/wp-content\/uploads\/2022\/06\/64EB11DB-E16C-4201-8463-FEF17C3DBF40-562x1024.jpeg 562w, https:\/\/neutrale.al\/wp-content\/uploads\/2022\/06\/64EB11DB-E16C-4201-8463-FEF17C3DBF40-768x1400.jpeg 768w, https:\/\/neutrale.al\/wp-content\/uploads\/2022\/06\/64EB11DB-E16C-4201-8463-FEF17C3DBF40-842x1536.jpeg 842w, https:\/\/neutrale.al\/wp-content\/uploads\/2022\/06\/64EB11DB-E16C-4201-8463-FEF17C3DBF40-860x1568.jpeg 860w, https:\/\/neutrale.al\/wp-content\/uploads\/2022\/06\/64EB11DB-E16C-4201-8463-FEF17C3DBF40.jpeg 946w\" sizes=\"auto, (max-width: 165px) 100vw, 165px\" \/><\/p>\n<p><img loading=\"lazy\" loading=\"lazy\" decoding=\"async\" src=\"https:\/\/neutrale.al\/wp-content\/uploads\/2022\/06\/3B347BAC-606B-460A-8C95-A2C76BD98FE7-180x300.jpeg\" alt=\"\" width=\"180\" height=\"300\" class=\"alignnone size-medium wp-image-6970\" srcset=\"https:\/\/neutrale.al\/wp-content\/uploads\/2022\/06\/3B347BAC-606B-460A-8C95-A2C76BD98FE7-180x300.jpeg 180w, https:\/\/neutrale.al\/wp-content\/uploads\/2022\/06\/3B347BAC-606B-460A-8C95-A2C76BD98FE7-614x1024.jpeg 614w, https:\/\/neutrale.al\/wp-content\/uploads\/2022\/06\/3B347BAC-606B-460A-8C95-A2C76BD98FE7-768x1280.jpeg 768w, https:\/\/neutrale.al\/wp-content\/uploads\/2022\/06\/3B347BAC-606B-460A-8C95-A2C76BD98FE7-921x1536.jpeg 921w, https:\/\/neutrale.al\/wp-content\/uploads\/2022\/06\/3B347BAC-606B-460A-8C95-A2C76BD98FE7-860x1434.jpeg 860w, https:\/\/neutrale.al\/wp-content\/uploads\/2022\/06\/3B347BAC-606B-460A-8C95-A2C76BD98FE7.jpeg 946w\" sizes=\"auto, (max-width: 180px) 100vw, 180px\" \/><\/p>\n","protected":false},"excerpt":{"rendered":"<p>Irani k\u00ebrc\u00ebnon Shqip\u00ebrin\u00eb me akte terroriste \u2026 Mbas vizit\u00ebs s\u00eb Mike Pence, dhe Pompeo n\u00eb kampin e muxhahedin\u00ebve n\u00eb Shqip\u00ebri, Irani ( MEK )k\u00ebrc\u00ebnon shqip\u00ebrin\u00eb me sulm terrorist \u2026 Ja \u00e7far\u00eb shkruan n\u00eb twett Ministri i Inteligjenc\u00ebs iranian, Seyyed Esmail Khatib: \u201dTerrorist\u00ebt e turp\u00ebruar me baz\u00eb n\u00eb Shqip\u00ebri nuk kan\u00eb qen\u00eb dhe nuk do t\u00eb [&hellip;]<\/p>\n","protected":false},"author":2,"featured_media":6971,"comment_status":"open","ping_status":"open","sticky":false,"template":"","format":"standard","meta":{"footnotes":""},"categories":[2],"tags":[],"class_list":{"0":"post-6968","1":"post","2":"type-post","3":"status-publish","4":"format-standard","5":"has-post-thumbnail","7":"category-opinione"},"_links":{"self":[{"href":"https:\/\/neutrale.al\/index.php\/wp-json\/wp\/v2\/posts\/6968","targetHints":{"allow":["GET"]}}],"collection":[{"href":"https:\/\/neutrale.al\/index.php\/wp-json\/wp\/v2\/posts"}],"about":[{"href":"https:\/\/neutrale.al\/index.php\/wp-json\/wp\/v2\/types\/post"}],"author":[{"embeddable":true,"href":"https:\/\/neutrale.al\/index.php\/wp-json\/wp\/v2\/users\/2"}],"replies":[{"embeddable":true,"href":"https:\/\/neutrale.al\/index.php\/wp-json\/wp\/v2\/comments?post=6968"}],"version-history":[{"count":1,"href":"https:\/\/neutrale.al\/index.php\/wp-json\/wp\/v2\/posts\/6968\/revisions"}],"predecessor-version":[{"id":6972,"href":"https:\/\/neutrale.al\/index.php\/wp-json\/wp\/v2\/posts\/6968\/revisions\/6972"}],"wp:featuredmedia":[{"embeddable":true,"href":"https:\/\/neutrale.al\/index.php\/wp-json\/wp\/v2\/media\/6971"}],"wp:attachment":[{"href":"https:\/\/neutrale.al\/index.php\/wp-json\/wp\/v2\/media?parent=6968"}],"wp:term":[{"taxonomy":"category","embeddable":true,"href":"https:\/\/neutrale.al\/index.php\/wp-json\/wp\/v2\/categories?post=6968"},{"taxonomy":"post_tag","embeddable":true,"href":"https:\/\/neutrale.al\/index.php\/wp-json\/wp\/v2\/tags?post=6968"}],"curies":[{"name":"wp","href":"https:\/\/api.w.org\/{rel}","templated":true}]}}