{"id":69662,"date":"2024-02-01T20:15:36","date_gmt":"2024-02-01T20:15:36","guid":{"rendered":"https:\/\/neutrale.al\/?p=69662"},"modified":"2024-02-01T20:15:36","modified_gmt":"2024-02-01T20:15:36","slug":"shba-i-shet-turqise-avione-f16","status":"publish","type":"post","link":"https:\/\/neutrale.al\/index.php\/2024\/02\/01\/shba-i-shet-turqise-avione-f16\/","title":{"rendered":"SHBA i shet Turqis\u00eb avion\u00eb F16"},"content":{"rendered":"<p>SHBA do t&#8217;i shes\u00eb Turqis\u00eb avion\u00ebt luftarak\u00eb F-16 si p\u00ebrgjigje ndaj ratifikimit t\u00eb vendit t\u00eb hyrjes s\u00eb Suedis\u00eb n\u00eb NATO.<br \/>\nNjoftimi erdhi vet\u00ebm disa or\u00eb pasi Turqia b\u00ebri at\u00eb q\u00eb k\u00ebrkuan SHBA dhe dor\u00ebzoi dokumentet e ratifikimit.<\/p>\n<p>Sht\u00ebpia e Bardh\u00eb ka dh\u00ebn\u00eb miratimin e saj p\u00ebr shitjen e 40 avion\u00ebve dhe pajisjeve t\u00eb reja F-16 p\u00ebr t\u00eb modernizuar flot\u00ebn aktuale t\u00eb Turqis\u00eb F-16 prej 79 avion\u00ebsh pasi Kongresi fillimisht dha miratimin.<\/p>\n<p>\u201cAprovimi im i k\u00ebrkes\u00ebs s\u00eb Turqis\u00eb p\u00ebr t\u00eb bler\u00eb avion\u00eb F-16 ka qen\u00eb i kusht\u00ebzuar me miratimin e Turqis\u00eb p\u00ebr an\u00ebtar\u00ebsimin e Suedis\u00eb n\u00eb NATO. <\/p>\n<p>Por mos m\u00eb keqkuptoni:<br \/>\nky nuk ishte nj\u00eb vendim q\u00eb e mora leht\u00eb\u201d, tha kryetari i Komisionit t\u00eb Senatit p\u00ebr Marr\u00ebdh\u00ebniet me Jasht\u00eb, demokrati Ben Cardin n\u00eb nj\u00eb deklarat\u00eb t\u00eb postuar n\u00eb X, dikur Twitter.<\/p>\n<p>Turqia, an\u00ebtare e NATO-s, ka dashur prej koh\u00ebsh t\u00eb p\u00ebrmir\u00ebsoj\u00eb flot\u00ebn e saj F-16 dhe e ka lidhur vazhdimisht hyrjen n\u00eb NATO n\u00eb Suedi me nj\u00eb k\u00ebrkes\u00eb p\u00ebr leje nga Shtetet e Bashkuara p\u00ebr t\u00eb bler\u00eb avion\u00eb t\u00eb rinj.<\/p>\n<p>Mbetet nj\u00ebfar\u00eb shqet\u00ebsimi<br \/>\nShitja ka qen\u00eb nj\u00eb \u00e7\u00ebshtje e debatuar shum\u00eb n\u00eb SHBA. Disa an\u00ebtar\u00eb t\u00eb lart\u00eb t\u00eb Kongresit kan\u00eb qen\u00eb t\u00eb shqet\u00ebsuar se si Turqia do t&#8217;i p\u00ebrdor\u00eb ato kund\u00ebr fqinj\u00ebve t\u00eb saj. Nj\u00eb pik\u00eb kan\u00eb qen\u00eb sulmet ajrore t\u00eb Turqis\u00eb ndaj milicive kurde n\u00eb Sirin\u00eb veriore q\u00eb kan\u00eb punuar me Shtetet e Bashkuara p\u00ebr t\u00eb luftuar grupin terrorist IS.<\/p>\n<p>Ben Cardin komentoi shqet\u00ebsimet pasi vendimi u mor t\u00eb premten me or\u00ebn lokale.<br \/>\nN\u00eb nj\u00eb deklarat\u00eb, ai tha se ka ende disa shqet\u00ebsime p\u00ebr veprimet e Turqis\u00eb, por se ai miratoi shitjen bazuar n\u00eb angazhimin e Turqis\u00eb p\u00ebr ta p\u00ebrmir\u00ebsuar at\u00eb.<\/p>\n<p>\u201cMezi pres hapjen e nj\u00eb kapitulli t\u00eb ri n\u00eb marr\u00ebdh\u00ebniet tona me Turqin\u00eb, zgjerimin e aleanc\u00ebs s\u00eb NATO-s dhe q\u00ebndrimin me aleat\u00ebt tan\u00eb global\u00eb kund\u00ebr agresionit t\u00eb vazhduesh\u00ebm t\u00eb Rusis\u00eb kund\u00ebr fqinjit t\u00eb saj paq\u00ebsor\u201d, tha Cardin<\/p>\n<p><img loading=\"lazy\" loading=\"lazy\" decoding=\"async\" src=\"https:\/\/neutrale.al\/wp-content\/uploads\/2024\/02\/4acebf01-d557-45fc-8f75-1e318df2e9cf-300x163.jpeg\" alt=\"\" width=\"300\" height=\"163\" class=\"alignnone size-medium wp-image-69663\" srcset=\"https:\/\/neutrale.al\/wp-content\/uploads\/2024\/02\/4acebf01-d557-45fc-8f75-1e318df2e9cf-300x163.jpeg 300w, https:\/\/neutrale.al\/wp-content\/uploads\/2024\/02\/4acebf01-d557-45fc-8f75-1e318df2e9cf-1024x557.jpeg 1024w, https:\/\/neutrale.al\/wp-content\/uploads\/2024\/02\/4acebf01-d557-45fc-8f75-1e318df2e9cf-768x417.jpeg 768w, https:\/\/neutrale.al\/wp-content\/uploads\/2024\/02\/4acebf01-d557-45fc-8f75-1e318df2e9cf-860x467.jpeg 860w, https:\/\/neutrale.al\/wp-content\/uploads\/2024\/02\/4acebf01-d557-45fc-8f75-1e318df2e9cf.jpeg 1080w\" sizes=\"auto, (max-width: 300px) 100vw, 300px\" \/><\/p>\n<p><img loading=\"lazy\" loading=\"lazy\" decoding=\"async\" src=\"https:\/\/neutrale.al\/wp-content\/uploads\/2024\/02\/65ecc0c6-536d-4e77-8ce3-561d7e4f83ac-300x166.jpeg\" alt=\"\" width=\"300\" height=\"166\" class=\"alignnone size-medium wp-image-69664\" srcset=\"https:\/\/neutrale.al\/wp-content\/uploads\/2024\/02\/65ecc0c6-536d-4e77-8ce3-561d7e4f83ac-300x166.jpeg 300w, https:\/\/neutrale.al\/wp-content\/uploads\/2024\/02\/65ecc0c6-536d-4e77-8ce3-561d7e4f83ac-1024x568.jpeg 1024w, https:\/\/neutrale.al\/wp-content\/uploads\/2024\/02\/65ecc0c6-536d-4e77-8ce3-561d7e4f83ac-768x426.jpeg 768w, https:\/\/neutrale.al\/wp-content\/uploads\/2024\/02\/65ecc0c6-536d-4e77-8ce3-561d7e4f83ac-860x477.jpeg 860w, https:\/\/neutrale.al\/wp-content\/uploads\/2024\/02\/65ecc0c6-536d-4e77-8ce3-561d7e4f83ac.jpeg 1080w\" sizes=\"auto, (max-width: 300px) 100vw, 300px\" \/><\/p>\n","protected":false},"excerpt":{"rendered":"<p>SHBA do t&#8217;i shes\u00eb Turqis\u00eb avion\u00ebt luftarak\u00eb F-16 si p\u00ebrgjigje ndaj ratifikimit t\u00eb vendit t\u00eb hyrjes s\u00eb Suedis\u00eb n\u00eb NATO. Njoftimi erdhi vet\u00ebm disa or\u00eb pasi Turqia b\u00ebri at\u00eb q\u00eb k\u00ebrkuan SHBA dhe dor\u00ebzoi dokumentet e ratifikimit. Sht\u00ebpia e Bardh\u00eb ka dh\u00ebn\u00eb miratimin e saj p\u00ebr shitjen e 40 avion\u00ebve dhe pajisjeve t\u00eb reja F-16 [&hellip;]<\/p>\n","protected":false},"author":2,"featured_media":69664,"comment_status":"open","ping_status":"open","sticky":false,"template":"","format":"standard","meta":{"footnotes":""},"categories":[12,118],"tags":[],"class_list":{"0":"post-69662","1":"post","2":"type-post","3":"status-publish","4":"format-standard","5":"has-post-thumbnail","7":"category-bota","8":"category-kryesore"},"_links":{"self":[{"href":"https:\/\/neutrale.al\/index.php\/wp-json\/wp\/v2\/posts\/69662","targetHints":{"allow":["GET"]}}],"collection":[{"href":"https:\/\/neutrale.al\/index.php\/wp-json\/wp\/v2\/posts"}],"about":[{"href":"https:\/\/neutrale.al\/index.php\/wp-json\/wp\/v2\/types\/post"}],"author":[{"embeddable":true,"href":"https:\/\/neutrale.al\/index.php\/wp-json\/wp\/v2\/users\/2"}],"replies":[{"embeddable":true,"href":"https:\/\/neutrale.al\/index.php\/wp-json\/wp\/v2\/comments?post=69662"}],"version-history":[{"count":1,"href":"https:\/\/neutrale.al\/index.php\/wp-json\/wp\/v2\/posts\/69662\/revisions"}],"predecessor-version":[{"id":69665,"href":"https:\/\/neutrale.al\/index.php\/wp-json\/wp\/v2\/posts\/69662\/revisions\/69665"}],"wp:featuredmedia":[{"embeddable":true,"href":"https:\/\/neutrale.al\/index.php\/wp-json\/wp\/v2\/media\/69664"}],"wp:attachment":[{"href":"https:\/\/neutrale.al\/index.php\/wp-json\/wp\/v2\/media?parent=69662"}],"wp:term":[{"taxonomy":"category","embeddable":true,"href":"https:\/\/neutrale.al\/index.php\/wp-json\/wp\/v2\/categories?post=69662"},{"taxonomy":"post_tag","embeddable":true,"href":"https:\/\/neutrale.al\/index.php\/wp-json\/wp\/v2\/tags?post=69662"}],"curies":[{"name":"wp","href":"https:\/\/api.w.org\/{rel}","templated":true}]}}