{"id":69655,"date":"2024-02-01T18:25:15","date_gmt":"2024-02-01T18:25:15","guid":{"rendered":"https:\/\/neutrale.al\/?p=69655"},"modified":"2024-02-01T18:25:15","modified_gmt":"2024-02-01T18:25:15","slug":"nje-muaj-proteste-berisha-sot-doli-lajmi-se-dora-e-zeze-e-rames-dhe-balles-ka-shkaterruar-te-dhenat-e-censusit","status":"publish","type":"post","link":"https:\/\/neutrale.al\/index.php\/2024\/02\/01\/nje-muaj-proteste-berisha-sot-doli-lajmi-se-dora-e-zeze-e-rames-dhe-balles-ka-shkaterruar-te-dhenat-e-censusit\/","title":{"rendered":"Nj\u00eb muaj protest\u00eb\/ Berisha: Sot doli lajmi se dora e zez\u00eb e Ram\u00ebs dhe Ball\u00ebs ka shkat\u00ebrruar t\u00eb dh\u00ebnat e censusit"},"content":{"rendered":"<p>Lideri demokrat, Sali Berisha tha para qytetar\u00ebve q\u00eb tubojn\u00eb posht\u00eb banes\u00ebs s\u00eb tij se, sot doli lajmi se dora e zez\u00eb e Edi Ram\u00ebs dhe Taulant Ball\u00ebs ka shkat\u00ebrruar t\u00eb dh\u00ebnat e censusit. Berisha tha se, kjo u b\u00eb p\u00ebr her\u00eb t\u00eb par\u00eb sepse \u00c7ubrillovi\u00e7i apo Pashiqi i shqiptar\u00ebve, me politikat e tij p\u00ebrgjysmoi popullin n\u00eb k\u00ebt\u00eb vend.<br \/>\n\u201cMir\u00ebmbr\u00ebma dhe p\u00ebrsh\u00ebndetjet m\u00eb t\u00eb p\u00ebrzem\u00ebrta, q\u00ebndrestar\u00eb, misionar\u00eb t\u00eb v\u00ebrtet\u00eb t\u00eb shp\u00ebtimit t\u00eb Shqip\u00ebris\u00eb.<br \/>\nT\u00eb dashur miq, shqiptar\u00ebt marrin lajme nga m\u00eb t\u00eb trishtat.<br \/>\nMarrim lajme t\u00eb cilat ndonj\u00ebher\u00eb nuk i kan\u00eb marr\u00eb as edhe n\u00eb net\u00ebt m\u00eb t\u00eb zeza t\u00eb pushtimeve shekullore.<br \/>\nSot doli lajmi se dora e zez\u00eb e Edi Ram\u00ebs dhe Taulant Ball\u00ebs ka rr\u00ebmbyer, ka shkat\u00ebrruar t\u00eb dh\u00ebnat e regjistrimit t\u00eb p\u00ebrgjithsh\u00ebm t\u00eb popullat\u00ebs.<br \/>\nNga koha e Sk\u00ebnderbeut, n\u00eb t\u00eb gjith\u00eb shekujt e Perandoris\u00eb Osmane, n\u00eb 110 vite shtet shqiptar, kjo \u00ebsht\u00eb hera e par\u00eb q\u00eb nj\u00eb qeveri me dor\u00ebn e saj t\u00eb zez\u00eb, prish regjistrimin e popullsis\u00eb.<br \/>\nKy \u00ebsht\u00eb nj\u00eb krim i sh\u00ebmtuar antikomb\u00ebtar.<br \/>\nMe k\u00ebt\u00eb krim, Edi Rama do t\u00eb mbuloj\u00eb 2 krimet e tij m\u00eb t\u00eb m\u00ebdha t\u00eb k\u00ebtij 10-vje\u00e7ari.<br \/>\nS\u00eb pari, do t\u00eb mbuloj\u00eb shpopullimin masiv t\u00eb shqiptar\u00ebve me politikat e tij antishqiptare. K\u00ebtu para jush n\u00eb m\u00ebnyr\u00eb t\u00eb p\u00ebrs\u00ebritur kam b\u00ebr\u00eb publike informacionet q\u00eb m\u00eb vinin se numri i shqiptar\u00ebve t\u00eb regjistruar ishte n\u00ebn 1.5 milion\u00eb. Dhe se Edi Rama po shtynte shpalljen e regjistrimit sepse kishte urdh\u00ebruar mbartjen t\u00eb qindra e mij\u00ebra emrave, n\u00eb mos miliona, nga regjistrat e Gjendjes Civile, p\u00ebr t\u2019i paraqitur si banor\u00eb t\u00eb regjistruar n\u00eb tetorin q\u00eb kaloi.<br \/>\nPor, n\u00eb proces e sip\u00ebr, kuptoi se ky mashtrim do t\u00eb zbulohej menj\u00ebher\u00eb nga EUROSTAT, i cili ka t\u00eb regjistruar 1.1 milion\u00eb shqiptar\u00eb t\u00eb larguar nga Shqip\u00ebria n\u00eb zon\u00ebn e Shengenit n\u00eb 8 vitet e fundit t\u00eb qeverisjes s\u00eb Edi Ram\u00ebs.<br \/>\nAt\u00ebher\u00eb skenari i hakerimit qeveritar, i shkat\u00ebrrimit t\u00eb t\u00eb dh\u00ebnave t\u00eb regjistrimit t\u00eb p\u00ebrgjithsh\u00ebm t\u00eb popullsis\u00eb.<br \/>\nNatyrisht ky proces kriminal vjen n\u00eb vazhd\u00ebn e nj\u00eb serie procesesh q\u00eb filluan me publikimin e rrogave, me publikimin e targave t\u00eb t\u00eb gjith\u00eb shqiptar\u00ebve, me publikimin e organigram\u00ebs s\u00eb ujdisur me NATO-n t\u00eb Sh\u00ebrbimit Informativ Shqiptar dhe vazhdoi me grabitjen nga Taulant Balla t\u00eb t\u00eb gjith\u00eb t\u00eb dh\u00ebnave t\u00eb TIMS-it p\u00ebr t\u00eb fshehur gjurm\u00ebt e krimeve t\u00eb tij, 54 udh\u00ebtimet e regjistruara me Edmond Begon me \u00e7ant\u00ebn e kokain\u00ebs me t\u00eb.<br \/>\nP\u00ebr t\u00eb fshehur udh\u00ebtimet e tij me P\u00ebllumb Gjok\u00ebn n\u00eb Itali, p\u00ebr t\u00eb fshehur lidhjet e tij t\u00eb krimit.<br \/>\nP\u00ebr t\u00eb fshehur lidhjet e krimit t\u00eb Edi Ram\u00ebs, udh\u00ebtimet e tij me avion n\u00eb dispozicion, n\u00eb 18 muaj jan\u00eb 147 udh\u00ebtime p\u00ebr transporte t\u00eb t\u00eb gjitha llojeve dhe t\u00eb gjitha destinacionet.<br \/>\nP\u00ebr t\u00eb fshehur grupin e Xibrak\u00ebs dhe udh\u00ebtimet e Olsi Ram\u00ebs.<br \/>\nPra, p\u00ebr t\u00eb fshehur krimet e sh\u00ebmtuara qeveritare.<br \/>\nPor kjo e regjistrimit t\u00eb p\u00ebrgjithsh\u00ebm t\u00eb popullat\u00ebs p\u00ebrb\u00ebn aktin m\u00eb t\u00eb sh\u00ebmtuar n\u00eb historin\u00eb e nj\u00eb shteti. K\u00ebt\u00eb nuk e kan\u00eb b\u00ebr\u00eb kurr\u00eb pushtuesit. K\u00ebt\u00eb nuk e kan\u00eb b\u00ebr\u00eb kurr\u00eb pushtuesit osman\u00eb. Nuk \u00ebsht\u00eb b\u00ebr\u00eb kurr\u00eb gjat\u00eb diktatur\u00ebs.<br \/>\nKjo u b\u00eb p\u00ebr her\u00eb t\u00eb par\u00eb sepse \u00c7ubrillovi\u00e7i apo Pashiqi i shqiptar\u00ebve, me politikat e tij p\u00ebrgjysmoi popullin n\u00eb k\u00ebt\u00eb vend\u201d, u shpreh Berisha.<\/p>\n","protected":false},"excerpt":{"rendered":"<p>Lideri demokrat, Sali Berisha tha para qytetar\u00ebve q\u00eb tubojn\u00eb posht\u00eb banes\u00ebs s\u00eb tij se, sot doli lajmi se dora e zez\u00eb e Edi Ram\u00ebs dhe Taulant Ball\u00ebs ka shkat\u00ebrruar t\u00eb dh\u00ebnat e censusit. Berisha tha se, kjo u b\u00eb p\u00ebr her\u00eb t\u00eb par\u00eb sepse \u00c7ubrillovi\u00e7i apo Pashiqi i shqiptar\u00ebve, me politikat e tij p\u00ebrgjysmoi popullin [&hellip;]<\/p>\n","protected":false},"author":2,"featured_media":69656,"comment_status":"open","ping_status":"open","sticky":false,"template":"","format":"standard","meta":{"footnotes":""},"categories":[118,9],"tags":[],"class_list":{"0":"post-69655","1":"post","2":"type-post","3":"status-publish","4":"format-standard","5":"has-post-thumbnail","7":"category-kryesore","8":"category-politika"},"_links":{"self":[{"href":"https:\/\/neutrale.al\/index.php\/wp-json\/wp\/v2\/posts\/69655","targetHints":{"allow":["GET"]}}],"collection":[{"href":"https:\/\/neutrale.al\/index.php\/wp-json\/wp\/v2\/posts"}],"about":[{"href":"https:\/\/neutrale.al\/index.php\/wp-json\/wp\/v2\/types\/post"}],"author":[{"embeddable":true,"href":"https:\/\/neutrale.al\/index.php\/wp-json\/wp\/v2\/users\/2"}],"replies":[{"embeddable":true,"href":"https:\/\/neutrale.al\/index.php\/wp-json\/wp\/v2\/comments?post=69655"}],"version-history":[{"count":1,"href":"https:\/\/neutrale.al\/index.php\/wp-json\/wp\/v2\/posts\/69655\/revisions"}],"predecessor-version":[{"id":69657,"href":"https:\/\/neutrale.al\/index.php\/wp-json\/wp\/v2\/posts\/69655\/revisions\/69657"}],"wp:featuredmedia":[{"embeddable":true,"href":"https:\/\/neutrale.al\/index.php\/wp-json\/wp\/v2\/media\/69656"}],"wp:attachment":[{"href":"https:\/\/neutrale.al\/index.php\/wp-json\/wp\/v2\/media?parent=69655"}],"wp:term":[{"taxonomy":"category","embeddable":true,"href":"https:\/\/neutrale.al\/index.php\/wp-json\/wp\/v2\/categories?post=69655"},{"taxonomy":"post_tag","embeddable":true,"href":"https:\/\/neutrale.al\/index.php\/wp-json\/wp\/v2\/tags?post=69655"}],"curies":[{"name":"wp","href":"https:\/\/api.w.org\/{rel}","templated":true}]}}