{"id":69525,"date":"2024-01-30T17:38:09","date_gmt":"2024-01-30T17:38:09","guid":{"rendered":"https:\/\/neutrale.al\/?p=69525"},"modified":"2024-01-30T17:38:09","modified_gmt":"2024-01-30T17:38:09","slug":"rama-pret-ne-takim-ministrin-e-jashtem-te-turqise-hakan-fidan-nje-prej-mendjeve-me-te-mprehta-qe-kam-pasur-privilegjin-te-njoh","status":"publish","type":"post","link":"https:\/\/neutrale.al\/index.php\/2024\/01\/30\/rama-pret-ne-takim-ministrin-e-jashtem-te-turqise-hakan-fidan-nje-prej-mendjeve-me-te-mprehta-qe-kam-pasur-privilegjin-te-njoh\/","title":{"rendered":"Rama pret n\u00eb takim ministrin e jasht\u00ebm t\u00eb Turqis\u00eb, Hakan Fidan: Nj\u00eb prej mendjeve m\u00eb t\u00eb mprehta q\u00eb kam pasur privilegjin t\u00eb njoh&#8230;"},"content":{"rendered":"<p>Lajmin e b\u00ebn me dije vet\u00eb kryeministri Edi Rama me nj\u00eb mesazh t\u00eb shkurt\u00ebr n\u00eb rrjetet sociale, si m\u00eb posht\u00eb:<\/p>\n<p>????Kryeministria &#8211; Disa momente nga takimi si gjithnj\u00eb mbres\u00ebl\u00ebn\u00ebs me nj\u00eb mik t\u00eb \u00e7muar e tanim\u00eb t\u00eb vjet\u00ebr, nj\u00eb prej mendjeve m\u00eb t\u00eb mprehta q\u00eb kam pasur privilegjin t\u00eb njoh n\u00eb aren\u00ebn nd\u00ebrkomb\u00ebtare, ministri i jasht\u00ebm i Turqis\u00eb, Hakan Fidan????????????????????<\/p>\n","protected":false},"excerpt":{"rendered":"<p>Lajmin e b\u00ebn me dije vet\u00eb kryeministri Edi Rama me nj\u00eb mesazh t\u00eb shkurt\u00ebr n\u00eb rrjetet sociale, si m\u00eb posht\u00eb: ????Kryeministria &#8211; Disa momente nga takimi si gjithnj\u00eb mbres\u00ebl\u00ebn\u00ebs me nj\u00eb mik t\u00eb \u00e7muar e tanim\u00eb t\u00eb vjet\u00ebr, nj\u00eb prej mendjeve m\u00eb t\u00eb mprehta q\u00eb kam pasur privilegjin t\u00eb njoh n\u00eb aren\u00ebn nd\u00ebrkomb\u00ebtare, ministri i [&hellip;]<\/p>\n","protected":false},"author":2,"featured_media":69526,"comment_status":"open","ping_status":"open","sticky":false,"template":"","format":"standard","meta":{"footnotes":""},"categories":[118],"tags":[],"class_list":{"0":"post-69525","1":"post","2":"type-post","3":"status-publish","4":"format-standard","5":"has-post-thumbnail","7":"category-kryesore"},"_links":{"self":[{"href":"https:\/\/neutrale.al\/index.php\/wp-json\/wp\/v2\/posts\/69525","targetHints":{"allow":["GET"]}}],"collection":[{"href":"https:\/\/neutrale.al\/index.php\/wp-json\/wp\/v2\/posts"}],"about":[{"href":"https:\/\/neutrale.al\/index.php\/wp-json\/wp\/v2\/types\/post"}],"author":[{"embeddable":true,"href":"https:\/\/neutrale.al\/index.php\/wp-json\/wp\/v2\/users\/2"}],"replies":[{"embeddable":true,"href":"https:\/\/neutrale.al\/index.php\/wp-json\/wp\/v2\/comments?post=69525"}],"version-history":[{"count":1,"href":"https:\/\/neutrale.al\/index.php\/wp-json\/wp\/v2\/posts\/69525\/revisions"}],"predecessor-version":[{"id":69527,"href":"https:\/\/neutrale.al\/index.php\/wp-json\/wp\/v2\/posts\/69525\/revisions\/69527"}],"wp:featuredmedia":[{"embeddable":true,"href":"https:\/\/neutrale.al\/index.php\/wp-json\/wp\/v2\/media\/69526"}],"wp:attachment":[{"href":"https:\/\/neutrale.al\/index.php\/wp-json\/wp\/v2\/media?parent=69525"}],"wp:term":[{"taxonomy":"category","embeddable":true,"href":"https:\/\/neutrale.al\/index.php\/wp-json\/wp\/v2\/categories?post=69525"},{"taxonomy":"post_tag","embeddable":true,"href":"https:\/\/neutrale.al\/index.php\/wp-json\/wp\/v2\/tags?post=69525"}],"curies":[{"name":"wp","href":"https:\/\/api.w.org\/{rel}","templated":true}]}}