{"id":69475,"date":"2024-01-30T10:53:27","date_gmt":"2024-01-30T10:53:27","guid":{"rendered":"https:\/\/neutrale.al\/?p=69475"},"modified":"2024-01-30T10:53:27","modified_gmt":"2024-01-30T10:53:27","slug":"beri-simbolin-e-shqiponjes-ne-sarajeve-ish-kryespiuni-serb-e-ndalon-kengetaren-boshnjake-te-hyje-ne-serbi","status":"publish","type":"post","link":"https:\/\/neutrale.al\/index.php\/2024\/01\/30\/beri-simbolin-e-shqiponjes-ne-sarajeve-ish-kryespiuni-serb-e-ndalon-kengetaren-boshnjake-te-hyje-ne-serbi\/","title":{"rendered":"B\u00ebri simbolin e shqiponj\u00ebs n\u00eb Sarajev\u00eb, ish-kryespiuni serb e ndalon k\u00ebng\u00ebtaren boshnjake t\u00eb hyj\u00eb n\u00eb Serbi"},"content":{"rendered":"<p>Ish-shefi i sh\u00ebrbimit t\u00eb inteligjenc\u00ebs n\u00eb Serbi (BIA), Aleksand\u00ebr Vulin, konfirmoi dje se ai nuk ka lejuar k\u00ebng\u00ebtaren boshnjake, Selma Bajrami q\u00eb t\u00eb futet n\u00eb Serbi.<\/p>\n<p>Ai tha se vendimi ka ardhur p\u00ebr shkak se ajo ka b\u00ebr\u00eb nj\u00eb simbol t\u00eb Shqip\u00ebris\u00eb s\u00eb Madhe.<\/p>\n<p>\u201cNuk mund t\u00eb shfaq\u00ebsh simbolet e Shqip\u00ebris\u00eb s\u00eb Madhe dhe t\u00eb marr\u00ebsh parat\u00eb n\u00eb Serbi. Si\u00e7 e kam th\u00ebn\u00eb, kur sh\u00ebrbeja si drejtor i BIA, kam l\u00ebshuar nj\u00eb num\u00ebr urdhrash p\u00ebr t\u00eb gjith\u00eb ata q\u00eb fyejn\u00eb dinjitetin e Serbis\u00eb dhe popullit\u201d.<\/p>\n<p>K\u00ebng\u00ebtarja boshnjake me origjin\u00eb shqiptare u ndalua dje n\u00eb aeroportin e Beogradit, teksa po futej n\u00eb Serbi.<\/p>\n<p>Ajo u kthye mbrapsht me fluturimin e radh\u00ebs p\u00ebr n\u00eb Sarajev\u00eb.<\/p>\n<p>Arsyeja  thuhet se \u00ebsht\u00eb nj\u00eb performanc\u00eb e saj e fundit ku Bajrami b\u00ebri me duar shqiponj\u00ebn dykrenare.<\/p>\n<p>K\u00ebng\u00ebtarja kishte treguar n\u00eb n\u00ebntor se ishte k\u00ebrc\u00ebnuar pas performanc\u00ebs s\u00eb saj n\u00eb Sarajev\u00eb ku edhe interpretoi k\u00ebng\u00eb shqipe.<\/p>\n","protected":false},"excerpt":{"rendered":"<p>Ish-shefi i sh\u00ebrbimit t\u00eb inteligjenc\u00ebs n\u00eb Serbi (BIA), Aleksand\u00ebr Vulin, konfirmoi dje se ai nuk ka lejuar k\u00ebng\u00ebtaren boshnjake, Selma Bajrami q\u00eb t\u00eb futet n\u00eb Serbi. Ai tha se vendimi ka ardhur p\u00ebr shkak se ajo ka b\u00ebr\u00eb nj\u00eb simbol t\u00eb Shqip\u00ebris\u00eb s\u00eb Madhe. \u201cNuk mund t\u00eb shfaq\u00ebsh simbolet e Shqip\u00ebris\u00eb s\u00eb Madhe dhe t\u00eb [&hellip;]<\/p>\n","protected":false},"author":2,"featured_media":69476,"comment_status":"open","ping_status":"open","sticky":false,"template":"","format":"standard","meta":{"footnotes":""},"categories":[6],"tags":[27],"class_list":{"0":"post-69475","1":"post","2":"type-post","3":"status-publish","4":"format-standard","5":"has-post-thumbnail","7":"category-rajoni","8":"tag-lajme"},"_links":{"self":[{"href":"https:\/\/neutrale.al\/index.php\/wp-json\/wp\/v2\/posts\/69475","targetHints":{"allow":["GET"]}}],"collection":[{"href":"https:\/\/neutrale.al\/index.php\/wp-json\/wp\/v2\/posts"}],"about":[{"href":"https:\/\/neutrale.al\/index.php\/wp-json\/wp\/v2\/types\/post"}],"author":[{"embeddable":true,"href":"https:\/\/neutrale.al\/index.php\/wp-json\/wp\/v2\/users\/2"}],"replies":[{"embeddable":true,"href":"https:\/\/neutrale.al\/index.php\/wp-json\/wp\/v2\/comments?post=69475"}],"version-history":[{"count":1,"href":"https:\/\/neutrale.al\/index.php\/wp-json\/wp\/v2\/posts\/69475\/revisions"}],"predecessor-version":[{"id":69477,"href":"https:\/\/neutrale.al\/index.php\/wp-json\/wp\/v2\/posts\/69475\/revisions\/69477"}],"wp:featuredmedia":[{"embeddable":true,"href":"https:\/\/neutrale.al\/index.php\/wp-json\/wp\/v2\/media\/69476"}],"wp:attachment":[{"href":"https:\/\/neutrale.al\/index.php\/wp-json\/wp\/v2\/media?parent=69475"}],"wp:term":[{"taxonomy":"category","embeddable":true,"href":"https:\/\/neutrale.al\/index.php\/wp-json\/wp\/v2\/categories?post=69475"},{"taxonomy":"post_tag","embeddable":true,"href":"https:\/\/neutrale.al\/index.php\/wp-json\/wp\/v2\/tags?post=69475"}],"curies":[{"name":"wp","href":"https:\/\/api.w.org\/{rel}","templated":true}]}}