{"id":69460,"date":"2024-01-30T10:06:12","date_gmt":"2024-01-30T10:06:12","guid":{"rendered":"https:\/\/neutrale.al\/?p=69460"},"modified":"2024-01-30T10:06:12","modified_gmt":"2024-01-30T10:06:12","slug":"shpetim-axhami-tre-kryeministra-shqiptar-ne-ballkan-rrezojne-kongreset-dhe-konferencat-e-berlinit-1878-londres-1913-dhe-parisit-1919-1920","status":"publish","type":"post","link":"https:\/\/neutrale.al\/index.php\/2024\/01\/30\/shpetim-axhami-tre-kryeministra-shqiptar-ne-ballkan-rrezojne-kongreset-dhe-konferencat-e-berlinit-1878-londres-1913-dhe-parisit-1919-1920\/","title":{"rendered":"Shpetim Axhami*\/ Tre kryeministra shqiptar n\u00eb Ballkan &#8220;rr\u00ebzojn\u00eb&#8221; kongreset dhe konferencat e Berlinit-1878, Londr\u00ebs-1913 dhe Parisit- 1919-1920."},"content":{"rendered":"<p>Dit\u00eb e r\u00ebnd\u00ebsishme, suksese kryeministrit Xhaferi, perendimor\u00ebt pyetje vetes!<\/p>\n<p>Shqiptari, Talat Xhaferi zgjidhet kryeminist\u00ebr i shtetit t\u00eb Maqedonis\u00eb s\u00eb Veriut, kjo pavarsisht si kryeminist\u00ebr i nj\u00eb qeverie teknike dhe t\u00eb p\u00ebrkohshme.<br \/>\nShtetet perendimore, ato dje, pjesmarr\u00ebse n\u00eb Kongresin e Berlinit t\u00eb vitit 1878, n\u00eb Konferenc\u00ebn e Londr\u00ebs t\u00eb vitit 1913, n\u00eb Konferenc\u00ebn e Parisit t\u00eb vitit 1919-1920, shtetet t\u00eb cilat sot, n\u00eb k\u00ebt\u00eb shekull t\u00eb koh\u00ebve moderne, kan\u00eb n\u00eb dor\u00eb fatet e kombeve, mb\u00ebshtetur n\u00eb drejt\u00ebsin\u00eb e tyre, n\u00eb em\u00ebr t\u00eb paqes dhe stabilitet, sidomos n\u00eb Ballkanin Perendimor, duhet t\u00eb i b\u00ebjn\u00eb pyetjen vetes dhe t\u00eb nd\u00ebrgjegj\u00ebsohen\u2026<br \/>\n\u00c7far\u00eb ka ndodhur nd\u00ebr shekuj me Kombin Shqiptar dhe ku q\u00ebndron padrejt\u00ebsia nga ana jon\u00eb, q\u00eb Shqip\u00ebria nj\u00eb shtet i pavarur, sot rrethohet prej shqiptar\u00ebve dhe k\u00ebto shtete qeverisur me kryeministra shqiptar?!<br \/>\nSuksese z.Xhaferi n\u00eb t\u00eb mir\u00eb t\u00eb paqes e stabilitetit pa dallime etnike n\u00eb misionin e Qeveris\u00eb s\u00eb Tij dhe qoft\u00eb e af\u00ebrt dita q\u00eb padrejt\u00ebsit\u00eb nd\u00ebr shekuj t\u00eb prevaloj mbi drejt\u00ebsin\u00eb n\u00eb k\u00ebto shekull t\u00eb koh\u00ebve moderne.<\/p>\n<p>*Shpetim Axhami \u00ebsht\u00eb Kryetar i Partis\u00eb L\u00ebvizja e Legalitetit<\/p>\n<p><img loading=\"lazy\" loading=\"lazy\" decoding=\"async\" src=\"https:\/\/neutrale.al\/wp-content\/uploads\/2024\/01\/41b42187-6c53-411a-b02e-bcdfab64421e-300x199.jpeg\" alt=\"\" width=\"300\" height=\"199\" class=\"alignnone size-medium wp-image-69462\" srcset=\"https:\/\/neutrale.al\/wp-content\/uploads\/2024\/01\/41b42187-6c53-411a-b02e-bcdfab64421e-300x199.jpeg 300w, https:\/\/neutrale.al\/wp-content\/uploads\/2024\/01\/41b42187-6c53-411a-b02e-bcdfab64421e-1024x680.jpeg 1024w, https:\/\/neutrale.al\/wp-content\/uploads\/2024\/01\/41b42187-6c53-411a-b02e-bcdfab64421e-768x510.jpeg 768w, https:\/\/neutrale.al\/wp-content\/uploads\/2024\/01\/41b42187-6c53-411a-b02e-bcdfab64421e-330x220.jpeg 330w, https:\/\/neutrale.al\/wp-content\/uploads\/2024\/01\/41b42187-6c53-411a-b02e-bcdfab64421e-420x280.jpeg 420w, https:\/\/neutrale.al\/wp-content\/uploads\/2024\/01\/41b42187-6c53-411a-b02e-bcdfab64421e-615x410.jpeg 615w, https:\/\/neutrale.al\/wp-content\/uploads\/2024\/01\/41b42187-6c53-411a-b02e-bcdfab64421e-860x571.jpeg 860w, https:\/\/neutrale.al\/wp-content\/uploads\/2024\/01\/41b42187-6c53-411a-b02e-bcdfab64421e.jpeg 1080w\" sizes=\"auto, (max-width: 300px) 100vw, 300px\" \/><\/p>\n","protected":false},"excerpt":{"rendered":"<p>Dit\u00eb e r\u00ebnd\u00ebsishme, suksese kryeministrit Xhaferi, perendimor\u00ebt pyetje vetes! Shqiptari, Talat Xhaferi zgjidhet kryeminist\u00ebr i shtetit t\u00eb Maqedonis\u00eb s\u00eb Veriut, kjo pavarsisht si kryeminist\u00ebr i nj\u00eb qeverie teknike dhe t\u00eb p\u00ebrkohshme. Shtetet perendimore, ato dje, pjesmarr\u00ebse n\u00eb Kongresin e Berlinit t\u00eb vitit 1878, n\u00eb Konferenc\u00ebn e Londr\u00ebs t\u00eb vitit 1913, n\u00eb Konferenc\u00ebn e Parisit t\u00eb [&hellip;]<\/p>\n","protected":false},"author":2,"featured_media":69461,"comment_status":"open","ping_status":"open","sticky":false,"template":"","format":"standard","meta":{"footnotes":""},"categories":[1],"tags":[],"class_list":{"0":"post-69460","1":"post","2":"type-post","3":"status-publish","4":"format-standard","5":"has-post-thumbnail","7":"category-te-tjera"},"_links":{"self":[{"href":"https:\/\/neutrale.al\/index.php\/wp-json\/wp\/v2\/posts\/69460","targetHints":{"allow":["GET"]}}],"collection":[{"href":"https:\/\/neutrale.al\/index.php\/wp-json\/wp\/v2\/posts"}],"about":[{"href":"https:\/\/neutrale.al\/index.php\/wp-json\/wp\/v2\/types\/post"}],"author":[{"embeddable":true,"href":"https:\/\/neutrale.al\/index.php\/wp-json\/wp\/v2\/users\/2"}],"replies":[{"embeddable":true,"href":"https:\/\/neutrale.al\/index.php\/wp-json\/wp\/v2\/comments?post=69460"}],"version-history":[{"count":2,"href":"https:\/\/neutrale.al\/index.php\/wp-json\/wp\/v2\/posts\/69460\/revisions"}],"predecessor-version":[{"id":69464,"href":"https:\/\/neutrale.al\/index.php\/wp-json\/wp\/v2\/posts\/69460\/revisions\/69464"}],"wp:featuredmedia":[{"embeddable":true,"href":"https:\/\/neutrale.al\/index.php\/wp-json\/wp\/v2\/media\/69461"}],"wp:attachment":[{"href":"https:\/\/neutrale.al\/index.php\/wp-json\/wp\/v2\/media?parent=69460"}],"wp:term":[{"taxonomy":"category","embeddable":true,"href":"https:\/\/neutrale.al\/index.php\/wp-json\/wp\/v2\/categories?post=69460"},{"taxonomy":"post_tag","embeddable":true,"href":"https:\/\/neutrale.al\/index.php\/wp-json\/wp\/v2\/tags?post=69460"}],"curies":[{"name":"wp","href":"https:\/\/api.w.org\/{rel}","templated":true}]}}