{"id":69274,"date":"2024-01-27T11:41:19","date_gmt":"2024-01-27T11:41:19","guid":{"rendered":"https:\/\/neutrale.al\/?p=69274"},"modified":"2024-01-27T11:41:19","modified_gmt":"2024-01-27T11:41:19","slug":"arrestohet-avokat-arben-lena-kryetar-i-dhomes-se-avokatise-korce","status":"publish","type":"post","link":"https:\/\/neutrale.al\/index.php\/2024\/01\/27\/arrestohet-avokat-arben-lena-kryetar-i-dhomes-se-avokatise-korce\/","title":{"rendered":"Arrestohet Avokat Arben Lena, kryetar i Dhom\u00ebs s\u00eb Avokatis\u00eb Kor\u00e7\u00eb"},"content":{"rendered":"<p>Me urdh\u00ebr t\u00eb Prokuroris\u00eb s\u00eb Posa\u00e7me \u00ebsht\u00eb arrestuar kreu i Dhom\u00ebs s\u00eb Avokatis\u00eb Kor\u00e7\u00eb, avokat Arben Lena.<\/p>\n<p>M\u00ebsohet se Lena akuzohet p\u00ebr korrupsion me nj\u00eb shum\u00eb prej 5 mij\u00eb euro.<\/p>\n<p>Pritet deklarata zyrtare e autoriteve ligjor<\/p>\n","protected":false},"excerpt":{"rendered":"<p>Me urdh\u00ebr t\u00eb Prokuroris\u00eb s\u00eb Posa\u00e7me \u00ebsht\u00eb arrestuar kreu i Dhom\u00ebs s\u00eb Avokatis\u00eb Kor\u00e7\u00eb, avokat Arben Lena. M\u00ebsohet se Lena akuzohet p\u00ebr korrupsion me nj\u00eb shum\u00eb prej 5 mij\u00eb euro. Pritet deklarata zyrtare e autoriteve ligjor<\/p>\n","protected":false},"author":2,"featured_media":69275,"comment_status":"open","ping_status":"open","sticky":false,"template":"","format":"standard","meta":{"footnotes":""},"categories":[118],"tags":[],"class_list":{"0":"post-69274","1":"post","2":"type-post","3":"status-publish","4":"format-standard","5":"has-post-thumbnail","7":"category-kryesore"},"_links":{"self":[{"href":"https:\/\/neutrale.al\/index.php\/wp-json\/wp\/v2\/posts\/69274","targetHints":{"allow":["GET"]}}],"collection":[{"href":"https:\/\/neutrale.al\/index.php\/wp-json\/wp\/v2\/posts"}],"about":[{"href":"https:\/\/neutrale.al\/index.php\/wp-json\/wp\/v2\/types\/post"}],"author":[{"embeddable":true,"href":"https:\/\/neutrale.al\/index.php\/wp-json\/wp\/v2\/users\/2"}],"replies":[{"embeddable":true,"href":"https:\/\/neutrale.al\/index.php\/wp-json\/wp\/v2\/comments?post=69274"}],"version-history":[{"count":1,"href":"https:\/\/neutrale.al\/index.php\/wp-json\/wp\/v2\/posts\/69274\/revisions"}],"predecessor-version":[{"id":69276,"href":"https:\/\/neutrale.al\/index.php\/wp-json\/wp\/v2\/posts\/69274\/revisions\/69276"}],"wp:featuredmedia":[{"embeddable":true,"href":"https:\/\/neutrale.al\/index.php\/wp-json\/wp\/v2\/media\/69275"}],"wp:attachment":[{"href":"https:\/\/neutrale.al\/index.php\/wp-json\/wp\/v2\/media?parent=69274"}],"wp:term":[{"taxonomy":"category","embeddable":true,"href":"https:\/\/neutrale.al\/index.php\/wp-json\/wp\/v2\/categories?post=69274"},{"taxonomy":"post_tag","embeddable":true,"href":"https:\/\/neutrale.al\/index.php\/wp-json\/wp\/v2\/tags?post=69274"}],"curies":[{"name":"wp","href":"https:\/\/api.w.org\/{rel}","templated":true}]}}