{"id":69150,"date":"2024-01-25T12:58:18","date_gmt":"2024-01-25T12:58:18","guid":{"rendered":"https:\/\/neutrale.al\/?p=69150"},"modified":"2024-01-25T12:58:18","modified_gmt":"2024-01-25T12:58:18","slug":"flamur-noka-sadushi-me-shall-te-pioniereve-te-enverit-feston-njesoj-si-ruset-me-simbolet-e-komunisteve","status":"publish","type":"post","link":"https:\/\/neutrale.al\/index.php\/2024\/01\/25\/flamur-noka-sadushi-me-shall-te-pioniereve-te-enverit-feston-njesoj-si-ruset-me-simbolet-e-komunisteve\/","title":{"rendered":"Flamur Noka: Sadushi me shall t\u00eb pionier\u00ebve t\u00eb Enverit, feston nj\u00ebsoj si rus\u00ebt me simbolet e komunist\u00ebve"},"content":{"rendered":"<p>Deputeti demokrat  Flamur Noka, i \u00ebsht\u00eb p\u00ebrgjigjur kreut t\u00eb Gjykat\u00ebs s\u00eb Lart\u00eb, Sokol Sadushi,\u00a0i cili b\u00ebri nj\u00eb reagim  sot,\u00a0p\u00ebr foton me shall t\u00eb kuq n\u00eb nj\u00eb p\u00ebrvjetor partizan.<\/p>\n<p>Noka shkruan se Sokol Sadushi festoi nj\u00ebsoj si rus\u00ebt me simbolet e komunist\u00ebve.<\/p>\n<p>Reagimi<\/p>\n<p>1- 8 Maji \u00ebsht\u00eb data e fitores s\u00eb antifashist\u00ebve mbi nazizmin\u2026<\/p>\n<p>9 Majin e festojn\u00eb komunist\u00ebt dhe rus\u00ebt.<\/p>\n<p>2- Shalli i pionier\u00ebve t\u00eb Enverit nuk \u00ebsht\u00eb simbol i antifashist\u00ebve n\u00eb bot\u00eb, por vet\u00ebm i komunist\u00ebve.<\/p>\n<p>3- Grushti lart n\u00eb nderim nuk \u00ebsht\u00eb simbol i antifashist\u00ebve, por vet\u00ebm i komunist\u00ebve.<\/p>\n<p>Kryetari i Gjykat\u00ebs s\u00eb Lart\u00eb t\u00eb Republik\u00ebs s\u00eb Shqip\u00ebris\u00eb festoi me 9 Maj, me shall t\u00eb pionier\u00ebve t\u00eb Enverit dhe nderoi me grusht\u2026<\/p>\n","protected":false},"excerpt":{"rendered":"<p>Deputeti demokrat Flamur Noka, i \u00ebsht\u00eb p\u00ebrgjigjur kreut t\u00eb Gjykat\u00ebs s\u00eb Lart\u00eb, Sokol Sadushi,\u00a0i cili b\u00ebri nj\u00eb reagim sot,\u00a0p\u00ebr foton me shall t\u00eb kuq n\u00eb nj\u00eb p\u00ebrvjetor partizan. Noka shkruan se Sokol Sadushi festoi nj\u00ebsoj si rus\u00ebt me simbolet e komunist\u00ebve. Reagimi 1- 8 Maji \u00ebsht\u00eb data e fitores s\u00eb antifashist\u00ebve mbi nazizmin\u2026 9 Majin [&hellip;]<\/p>\n","protected":false},"author":2,"featured_media":69151,"comment_status":"open","ping_status":"open","sticky":false,"template":"","format":"standard","meta":{"footnotes":""},"categories":[118,9],"tags":[],"class_list":{"0":"post-69150","1":"post","2":"type-post","3":"status-publish","4":"format-standard","5":"has-post-thumbnail","7":"category-kryesore","8":"category-politika"},"_links":{"self":[{"href":"https:\/\/neutrale.al\/index.php\/wp-json\/wp\/v2\/posts\/69150","targetHints":{"allow":["GET"]}}],"collection":[{"href":"https:\/\/neutrale.al\/index.php\/wp-json\/wp\/v2\/posts"}],"about":[{"href":"https:\/\/neutrale.al\/index.php\/wp-json\/wp\/v2\/types\/post"}],"author":[{"embeddable":true,"href":"https:\/\/neutrale.al\/index.php\/wp-json\/wp\/v2\/users\/2"}],"replies":[{"embeddable":true,"href":"https:\/\/neutrale.al\/index.php\/wp-json\/wp\/v2\/comments?post=69150"}],"version-history":[{"count":2,"href":"https:\/\/neutrale.al\/index.php\/wp-json\/wp\/v2\/posts\/69150\/revisions"}],"predecessor-version":[{"id":69153,"href":"https:\/\/neutrale.al\/index.php\/wp-json\/wp\/v2\/posts\/69150\/revisions\/69153"}],"wp:featuredmedia":[{"embeddable":true,"href":"https:\/\/neutrale.al\/index.php\/wp-json\/wp\/v2\/media\/69151"}],"wp:attachment":[{"href":"https:\/\/neutrale.al\/index.php\/wp-json\/wp\/v2\/media?parent=69150"}],"wp:term":[{"taxonomy":"category","embeddable":true,"href":"https:\/\/neutrale.al\/index.php\/wp-json\/wp\/v2\/categories?post=69150"},{"taxonomy":"post_tag","embeddable":true,"href":"https:\/\/neutrale.al\/index.php\/wp-json\/wp\/v2\/tags?post=69150"}],"curies":[{"name":"wp","href":"https:\/\/api.w.org\/{rel}","templated":true}]}}