{"id":69092,"date":"2024-01-25T10:24:30","date_gmt":"2024-01-25T10:24:30","guid":{"rendered":"https:\/\/neutrale.al\/?p=69092"},"modified":"2024-01-25T10:24:30","modified_gmt":"2024-01-25T10:24:30","slug":"apeli-le-ne-fuqi-masen-e-sigurise-ndaj-liderit-te-opozites-sali-berisha","status":"publish","type":"post","link":"https:\/\/neutrale.al\/index.php\/2024\/01\/25\/apeli-le-ne-fuqi-masen-e-sigurise-ndaj-liderit-te-opozites-sali-berisha\/","title":{"rendered":"Apeli l\u00eb n\u00eb fuqi mas\u00ebn e siguris\u00eb ndaj liderit t\u00eb opozit\u00ebs, Sali Berisha"},"content":{"rendered":"<p>Apeli i Gjykat\u00ebs s\u00eb Posa\u00e7me ka l\u00ebn\u00eb n\u00eb fuqi mas\u00ebn e siguris\u00eb ndaj liderit t\u00eb opozit\u00ebs, Sali Berisha. <\/p>\n<p>NJOFTIM ZYRTAR<\/p>\n<p>Gjykata e Posa\u00e7me e Apelit p\u00ebr Korrupsionin dhe Krimin e Organizuar, me trup gjykues monokratik t\u00eb p\u00ebrb\u00ebr\u00eb nga gjyqtarja Iliriana Olldashi, sot m\u00eb 25.01.2024, ora 09:00, shpalli vendimin mbi \u00e7\u00ebshtjen penale nr. 27 akti, dat\u00eb 16.01.2024 regjistrimi, regjistruar mbi ankimin e personit n\u00ebn hetim\/ankues S.B.,me objekt: \u201cAnkim ndaj vendimit nr. 520, dat\u00eb 30.12.2023 (disponuar mbi k\u00ebrkes\u00ebn p\u00ebr z\u00ebvend\u00ebsimin e mas\u00ebs s\u00eb sigurimit personal) dhe vendimit nr. 521, dat\u00eb 27.12.2023 (disponuar mbi k\u00ebrkes\u00ebn p\u00ebr p\u00ebrjashtim gjyqtari) t\u00eb Gjykat\u00ebs s\u00eb Posa\u00e7me t\u00eb Shkall\u00ebs s\u00eb Par\u00eb p\u00ebr Korrupsionin dhe Krimin e Organizuar\u201d,dhe vendosi:<\/p>\n<p>Miratimin e aktit nr. 520, dat\u00eb 30.12.2023 t\u00eb Gjykat\u00ebs s\u00eb Posa\u00e7me t\u00eb Shkall\u00ebs s\u00eb Par\u00eb p\u00ebr Korrupsionin dhe Krimin e Organizuar.<\/p>\n","protected":false},"excerpt":{"rendered":"<p>Apeli i Gjykat\u00ebs s\u00eb Posa\u00e7me ka l\u00ebn\u00eb n\u00eb fuqi mas\u00ebn e siguris\u00eb ndaj liderit t\u00eb opozit\u00ebs, Sali Berisha. NJOFTIM ZYRTAR Gjykata e Posa\u00e7me e Apelit p\u00ebr Korrupsionin dhe Krimin e Organizuar, me trup gjykues monokratik t\u00eb p\u00ebrb\u00ebr\u00eb nga gjyqtarja Iliriana Olldashi, sot m\u00eb 25.01.2024, ora 09:00, shpalli vendimin mbi \u00e7\u00ebshtjen penale nr. 27 akti, dat\u00eb [&hellip;]<\/p>\n","protected":false},"author":2,"featured_media":69093,"comment_status":"open","ping_status":"open","sticky":false,"template":"","format":"standard","meta":{"footnotes":""},"categories":[118,9],"tags":[],"class_list":{"0":"post-69092","1":"post","2":"type-post","3":"status-publish","4":"format-standard","5":"has-post-thumbnail","7":"category-kryesore","8":"category-politika"},"_links":{"self":[{"href":"https:\/\/neutrale.al\/index.php\/wp-json\/wp\/v2\/posts\/69092","targetHints":{"allow":["GET"]}}],"collection":[{"href":"https:\/\/neutrale.al\/index.php\/wp-json\/wp\/v2\/posts"}],"about":[{"href":"https:\/\/neutrale.al\/index.php\/wp-json\/wp\/v2\/types\/post"}],"author":[{"embeddable":true,"href":"https:\/\/neutrale.al\/index.php\/wp-json\/wp\/v2\/users\/2"}],"replies":[{"embeddable":true,"href":"https:\/\/neutrale.al\/index.php\/wp-json\/wp\/v2\/comments?post=69092"}],"version-history":[{"count":1,"href":"https:\/\/neutrale.al\/index.php\/wp-json\/wp\/v2\/posts\/69092\/revisions"}],"predecessor-version":[{"id":69094,"href":"https:\/\/neutrale.al\/index.php\/wp-json\/wp\/v2\/posts\/69092\/revisions\/69094"}],"wp:featuredmedia":[{"embeddable":true,"href":"https:\/\/neutrale.al\/index.php\/wp-json\/wp\/v2\/media\/69093"}],"wp:attachment":[{"href":"https:\/\/neutrale.al\/index.php\/wp-json\/wp\/v2\/media?parent=69092"}],"wp:term":[{"taxonomy":"category","embeddable":true,"href":"https:\/\/neutrale.al\/index.php\/wp-json\/wp\/v2\/categories?post=69092"},{"taxonomy":"post_tag","embeddable":true,"href":"https:\/\/neutrale.al\/index.php\/wp-json\/wp\/v2\/tags?post=69092"}],"curies":[{"name":"wp","href":"https:\/\/api.w.org\/{rel}","templated":true}]}}