{"id":68863,"date":"2024-01-22T09:00:36","date_gmt":"2024-01-22T09:00:36","guid":{"rendered":"https:\/\/neutrale.al\/?p=68863"},"modified":"2024-01-22T09:00:36","modified_gmt":"2024-01-22T09:00:36","slug":"gjermani-demonstrata-te-medha-kunder-se-djathtes-ekstreme","status":"publish","type":"post","link":"https:\/\/neutrale.al\/index.php\/2024\/01\/22\/gjermani-demonstrata-te-medha-kunder-se-djathtes-ekstreme\/","title":{"rendered":"Gjermani: Demonstrata t\u00eb m\u00ebdha kund\u00ebr s\u00eb djatht\u00ebs ekstreme"},"content":{"rendered":"<p>Dhjet\u00ebra-mij\u00ebra vet\u00eb dol\u00ebn n\u00eb Gjermani n\u00eb rrug\u00eb gjat\u00eb fundjav\u00ebs p\u00ebr t\u00eb protestuar kund\u00ebr ekstremizmit t\u00eb djatht\u00eb. Presidenti Steinmeier tha se ata mbrojn\u00eb republik\u00ebn dhe kushtetut\u00ebn kund\u00ebr armiqve t\u00eb saj.<\/p>\n<p>Gjermania \u00ebsht\u00eb p\u00ebrfshir\u00eb prej\u00a0demonstratave masive\u00a0gjat\u00eb s\u00eb cilave n\u00eb rrug\u00ebt e qyteteve dol\u00ebn rreth 1,4 milion\u00eb vet\u00eb p\u00ebr t\u00eb protestuar kund\u00ebr partis\u00eb ekstremiste t\u00eb djatht\u00eb\u00a0Alternativa p\u00ebr Gjermanin\u00eb\u00a0(AfD) dhe agjend\u00ebs s\u00eb saj kund\u00ebr emigracionit.<\/p>\n<p>T\u00eb premten dhe n\u00eb fundjav\u00eb n\u00eb rreth 100 qytete n\u00eb t\u00eb gjith\u00eb vendin u zhvilluan demonstrata n\u00ebn moton &#8220;T\u00eb mbrojm\u00eb demokracin\u00eb&#8221;. T\u00eb shtun\u00ebn dhe t\u00eb diel\u00ebn u zhvilluan mitingje n\u00eb disa nga qytetet e m\u00ebdha si Hamburg, Frankfurt, K\u00ebln, Dormund, Mynih dhe Berlin.<br \/>\nPas demonstratave n\u00eb Halle\/Saale dhe asaj n\u00eb Lajpcig, ku mor\u00ebn pjes\u00eb p\u00ebrkat\u00ebsisht rreth 16.000 dhe 40.000 vet\u00eb, demonstrata u zhvilluan edhe n\u00eb disa qytete n\u00eb lindje t\u00eb Gjermanis\u00eb, si n\u00eb Cottbus, Dresden dhe Chemnitz.<\/p>\n<p>Mb\u00ebshtetje nga politikan\u00ebt<\/p>\n<p>Presidenti gjerman, Frank-Walter Steinmeier, tha n\u00eb nj\u00eb video-mesazh n\u00eb lidhje me demonstratat: &#8220;K\u00ebta njer\u00ebz na inkurajojn\u00eb t\u00eb gjith\u00ebve&#8221;. Ata mbrojn\u00eb &#8220;republik\u00ebn dhe kushtetut\u00ebn ton\u00eb kund\u00ebr armiqve t\u00eb saj&#8221;.<\/p>\n<p>Ministrja e Brendshme, Nancy Faeser (SPD), tha p\u00ebr gazet\u00ebn &#8220;Rheinische Post&#8221; se fakti &#8220;q\u00eb qindra-mij\u00ebra vet\u00eb po dalin n\u00eb demonstrata dhe po mbrojn\u00eb n\u00eb m\u00ebnyr\u00eb aktive demokracin\u00eb ton\u00eb \u00ebsht\u00eb nj\u00eb shenj\u00eb shum\u00eb inkurajuese&#8221;.<\/p>\n<p>Pse po protestojn\u00eb kaq shum\u00eb njer\u00ebz tani?<\/p>\n<p>Vala e mobilizimit kund\u00ebr partis\u00eb s\u00eb ekstremit t\u00eb djatht\u00eb AfD u ndez nga nj\u00eb shkrim i dat\u00ebs 10 janar publikuar nga grupi investigativ Correctiv, i cili zbuloi sean\u00ebtar\u00ebt e AfD-s\u00eb ishin takuarn\u00eb n\u00ebntor 2023\u00a0 n\u00eb Potsdam me nj\u00eb grup ekstremist\u00ebsh p\u00ebr t\u00eb diskutuar p\u00ebr d\u00ebbimin e emigrant\u00ebve dhe &#8220;qytetar\u00ebve t\u00eb paasimiluar&#8221;. T\u00eb pranish\u00ebm kishin qen\u00eb edhe an\u00ebtar\u00eb t\u00eb Unionit Kristian Demokrat (CDU), partia kryesore opozitare.<\/p>\n<p>Pjes\u00ebmarr\u00ebsit n\u00eb takim kishin diskutuar p\u00ebr\u00a0&#8220;riemigrimin&#8221;,\u00a0nj\u00eb term q\u00eb p\u00ebrdoret shpesh n\u00eb qarqet ekstremiste t\u00eb djathta si eufemiz\u00ebm p\u00ebr d\u00ebbimin e emigrant\u00ebve dhe t\u00eb pakicave, p\u00ebrfshir\u00eb ata q\u00eb kan\u00eb marr\u00eb n\u00ebnshtet\u00ebsin\u00eb gjermane.<\/p>\n<p>Lajmi p\u00ebr takimin tronditi shum\u00eb vet\u00eb n\u00eb Gjermani n\u00eb nj\u00eb koh\u00eb kur\u00a0AfD-ja po ngjitet n\u00eb sondazhetq\u00eb po zhvillohen n\u00eb prag t\u00eb tre zgjedhjeve t\u00eb m\u00ebdha rajonale n\u00eb Gjermanin\u00eb lindore, ku mb\u00ebshtetja p\u00ebr k\u00ebt\u00eb parti \u00ebsht\u00eb m\u00eb e fort\u00eb. Kancelari Olaf Scholz, i cili iu bashkua nj\u00eb demonstrate fundjav\u00ebn e kaluar, tha se \u00e7do plan p\u00ebr t\u00eb d\u00ebbuar emigrant\u00eb apo qytetar\u00eb ishte nj\u00eb &#8220;sulm kund\u00ebr demokracis\u00eb son\u00eb, dhe nga ana tjet\u00ebr, ndaj t\u00eb gjith\u00eb neve&#8221;.<\/p>\n<p>AfD-ja e konfirmoi pranin\u00eb e an\u00ebtar\u00ebve t\u00eb saj n\u00eb takim, por tha se propozimet e saj p\u00ebr emigracionin, t\u00eb cilat ishin pjes\u00eb e manifestit t\u00eb fundit zgjedhor, nuk p\u00ebrfshijn\u00eb shtetas q\u00eb kan\u00eb marr\u00eb n\u00ebnshtet\u00ebsin\u00eb gjermane. Komente\u00a0t\u00eb tilla n\u00eb takim ishin b\u00ebr\u00eb nga nj\u00eb figur\u00eb e ekstremit t\u00eb djatht\u00eb austriak, Martin Sellner, i cili nuk \u00ebsht\u00eb an\u00ebtar i AfD-s\u00eb.<\/p>\n<p>\u00a0DW (AFP, dpa)<\/p>\n","protected":false},"excerpt":{"rendered":"<p>Dhjet\u00ebra-mij\u00ebra vet\u00eb dol\u00ebn n\u00eb Gjermani n\u00eb rrug\u00eb gjat\u00eb fundjav\u00ebs p\u00ebr t\u00eb protestuar kund\u00ebr ekstremizmit t\u00eb djatht\u00eb. Presidenti Steinmeier tha se ata mbrojn\u00eb republik\u00ebn dhe kushtetut\u00ebn kund\u00ebr armiqve t\u00eb saj. Gjermania \u00ebsht\u00eb p\u00ebrfshir\u00eb prej\u00a0demonstratave masive\u00a0gjat\u00eb s\u00eb cilave n\u00eb rrug\u00ebt e qyteteve dol\u00ebn rreth 1,4 milion\u00eb vet\u00eb p\u00ebr t\u00eb protestuar kund\u00ebr partis\u00eb ekstremiste t\u00eb djatht\u00eb\u00a0Alternativa p\u00ebr Gjermanin\u00eb\u00a0(AfD) [&hellip;]<\/p>\n","protected":false},"author":2,"featured_media":68864,"comment_status":"open","ping_status":"open","sticky":false,"template":"","format":"standard","meta":{"footnotes":""},"categories":[12],"tags":[27],"class_list":{"0":"post-68863","1":"post","2":"type-post","3":"status-publish","4":"format-standard","5":"has-post-thumbnail","7":"category-bota","8":"tag-lajme"},"_links":{"self":[{"href":"https:\/\/neutrale.al\/index.php\/wp-json\/wp\/v2\/posts\/68863","targetHints":{"allow":["GET"]}}],"collection":[{"href":"https:\/\/neutrale.al\/index.php\/wp-json\/wp\/v2\/posts"}],"about":[{"href":"https:\/\/neutrale.al\/index.php\/wp-json\/wp\/v2\/types\/post"}],"author":[{"embeddable":true,"href":"https:\/\/neutrale.al\/index.php\/wp-json\/wp\/v2\/users\/2"}],"replies":[{"embeddable":true,"href":"https:\/\/neutrale.al\/index.php\/wp-json\/wp\/v2\/comments?post=68863"}],"version-history":[{"count":2,"href":"https:\/\/neutrale.al\/index.php\/wp-json\/wp\/v2\/posts\/68863\/revisions"}],"predecessor-version":[{"id":68866,"href":"https:\/\/neutrale.al\/index.php\/wp-json\/wp\/v2\/posts\/68863\/revisions\/68866"}],"wp:featuredmedia":[{"embeddable":true,"href":"https:\/\/neutrale.al\/index.php\/wp-json\/wp\/v2\/media\/68864"}],"wp:attachment":[{"href":"https:\/\/neutrale.al\/index.php\/wp-json\/wp\/v2\/media?parent=68863"}],"wp:term":[{"taxonomy":"category","embeddable":true,"href":"https:\/\/neutrale.al\/index.php\/wp-json\/wp\/v2\/categories?post=68863"},{"taxonomy":"post_tag","embeddable":true,"href":"https:\/\/neutrale.al\/index.php\/wp-json\/wp\/v2\/tags?post=68863"}],"curies":[{"name":"wp","href":"https:\/\/api.w.org\/{rel}","templated":true}]}}