{"id":68859,"date":"2024-01-21T19:16:04","date_gmt":"2024-01-21T19:16:04","guid":{"rendered":"https:\/\/neutrale.al\/?p=68859"},"modified":"2024-01-21T19:16:04","modified_gmt":"2024-01-21T19:16:04","slug":"masakruar-me-thike-gjendet-i-vrare-39-vjecari-shqiptar-ne-nje-pyll-ne-itali-emri","status":"publish","type":"post","link":"https:\/\/neutrale.al\/index.php\/2024\/01\/21\/masakruar-me-thike-gjendet-i-vrare-39-vjecari-shqiptar-ne-nje-pyll-ne-itali-emri\/","title":{"rendered":"Masakruar me thik\u00eb, gjendet i vrar\u00eb 39-vje\u00e7ari shqiptar n\u00eb nj\u00eb pyll n\u00eb Itali (emri)"},"content":{"rendered":"<p>Ngjarja makabre ka ndodhur nj\u00eb Itali, ku nj\u00eb 39-vje\u00e7ar shqiptar \u00ebsht\u00eb gjetur pa shenja jete n\u00eb nj\u00eb pyll.<\/p>\n<p>39-vje\u00e7ari me origjin\u00eb shqiptare, Bledar Dedja, \u00ebsht\u00eb personi q\u00eb shihni n\u00eb foto dhe familjar\u00ebt kishin humbur kontaktet me t\u00eb q\u00eb prej mbr\u00ebmjes s\u00eb djeshme.<\/p>\n<p>Trupi i tij u gjet i pajet\u00eb jasht\u00eb makin\u00ebs s\u00eb tij n\u00eb Paderno, fshat n\u00eb Pieve del Grappa.<\/p>\n<p>Sipas mediave italiane, m\u00ebsohet se n\u00eb trupin e tij kishte plag\u00eb t\u00eb thella me thik\u00eb n\u00eb kok\u00eb, gjoks, si dhe n\u00eb duar, shenj\u00eb e p\u00ebrpjekjes p\u00ebr t\u2019u mbrojtur nga\u00a0agresor\u00ebt.<\/p>\n<p>Autoritetet italiane njoftojn\u00eb se nuk ka nj\u00eb pist\u00eb konkrete ku p\u00ebrqendrohen hetimet mbi motivet dhe autorin e k\u00ebtij krimi.<\/p>\n","protected":false},"excerpt":{"rendered":"<p>Ngjarja makabre ka ndodhur nj\u00eb Itali, ku nj\u00eb 39-vje\u00e7ar shqiptar \u00ebsht\u00eb gjetur pa shenja jete n\u00eb nj\u00eb pyll. 39-vje\u00e7ari me origjin\u00eb shqiptare, Bledar Dedja, \u00ebsht\u00eb personi q\u00eb shihni n\u00eb foto dhe familjar\u00ebt kishin humbur kontaktet me t\u00eb q\u00eb prej mbr\u00ebmjes s\u00eb djeshme. Trupi i tij u gjet i pajet\u00eb jasht\u00eb makin\u00ebs s\u00eb tij n\u00eb Paderno, [&hellip;]<\/p>\n","protected":false},"author":2,"featured_media":68860,"comment_status":"open","ping_status":"open","sticky":false,"template":"","format":"standard","meta":{"footnotes":""},"categories":[12,118],"tags":[],"class_list":{"0":"post-68859","1":"post","2":"type-post","3":"status-publish","4":"format-standard","5":"has-post-thumbnail","7":"category-bota","8":"category-kryesore"},"_links":{"self":[{"href":"https:\/\/neutrale.al\/index.php\/wp-json\/wp\/v2\/posts\/68859","targetHints":{"allow":["GET"]}}],"collection":[{"href":"https:\/\/neutrale.al\/index.php\/wp-json\/wp\/v2\/posts"}],"about":[{"href":"https:\/\/neutrale.al\/index.php\/wp-json\/wp\/v2\/types\/post"}],"author":[{"embeddable":true,"href":"https:\/\/neutrale.al\/index.php\/wp-json\/wp\/v2\/users\/2"}],"replies":[{"embeddable":true,"href":"https:\/\/neutrale.al\/index.php\/wp-json\/wp\/v2\/comments?post=68859"}],"version-history":[{"count":1,"href":"https:\/\/neutrale.al\/index.php\/wp-json\/wp\/v2\/posts\/68859\/revisions"}],"predecessor-version":[{"id":68861,"href":"https:\/\/neutrale.al\/index.php\/wp-json\/wp\/v2\/posts\/68859\/revisions\/68861"}],"wp:featuredmedia":[{"embeddable":true,"href":"https:\/\/neutrale.al\/index.php\/wp-json\/wp\/v2\/media\/68860"}],"wp:attachment":[{"href":"https:\/\/neutrale.al\/index.php\/wp-json\/wp\/v2\/media?parent=68859"}],"wp:term":[{"taxonomy":"category","embeddable":true,"href":"https:\/\/neutrale.al\/index.php\/wp-json\/wp\/v2\/categories?post=68859"},{"taxonomy":"post_tag","embeddable":true,"href":"https:\/\/neutrale.al\/index.php\/wp-json\/wp\/v2\/tags?post=68859"}],"curies":[{"name":"wp","href":"https:\/\/api.w.org\/{rel}","templated":true}]}}