{"id":68761,"date":"2024-01-19T19:34:00","date_gmt":"2024-01-19T19:34:00","guid":{"rendered":"https:\/\/neutrale.al\/?p=68761"},"modified":"2024-01-19T19:34:00","modified_gmt":"2024-01-19T19:34:00","slug":"voa-shqiptaret-vijojne-te-kryesojne-ne-ballkan-per-kerkesat-per-azil-ne-bashkimin-europian","status":"publish","type":"post","link":"https:\/\/neutrale.al\/index.php\/2024\/01\/19\/voa-shqiptaret-vijojne-te-kryesojne-ne-ballkan-per-kerkesat-per-azil-ne-bashkimin-europian\/","title":{"rendered":"VOA: Shqiptar\u00ebt\u00a0vijojn\u00eb t\u00eb kryesojn\u00eb n\u00eb Ballkan p\u00ebr k\u00ebrkesat p\u00ebr azil n\u00eb Bashkimin Europian"},"content":{"rendered":"<p>Shtetasit shqiptar\u00eb vijojn\u00eb t\u00eb kryesojn\u00eb n\u00eb raport me shtetasit e tjer\u00eb nga vendet e Ballkanit Per\u00ebndimor p\u00ebr numrin e lart\u00eb t\u00eb k\u00ebrkesave p\u00ebr azil n\u00eb vendet e Bashkimit Europian.<\/p>\n<p>Sipas raportit m\u00eb t\u00eb fundit t\u00eb Agjencis\u00eb Europiane p\u00ebr Azilin, publikuar t\u00eb premten, shqiptar\u00ebt paraqit\u00ebn vet\u00ebm gjat\u00eb muajit n\u00ebntor t\u00eb vitit 2023 rreth 892 aplikime p\u00ebr azil n\u00eb vendet e Bashkimit Europian.<\/p>\n<p>Shqiptar\u00ebt pasohen nga shtetasit nga Maqedonia e Veriut, me 711 aplikime, shtetasit nga Serbia q\u00eb kishin paraqitur 507 k\u00ebrkesa, nga Kosova me 281 k\u00ebrkesa, nga Bosnja me 127 k\u00ebrkesa dhe nga Mali i Zi me 30 k\u00ebrkesa p\u00ebr azil.<\/p>\n<p>Sipas raportit prirja e t\u00eb gjith\u00eb shtetasve nga Ballkani \u00ebsht\u00eb t\u00eb k\u00ebrkojn\u00eb azil n\u00eb tre vende t\u00eb Bashkimit Europian: Franc\u00eb, Gjermani dhe Itali. Shqiptar\u00ebt kan\u00eb edhe numrin m\u00eb t\u00eb lart\u00eb t\u00eb k\u00ebrkesave p\u00ebr azil q\u00eb mbeten n\u00eb pritje n\u00eb vendet e e Bashkimit Europian p\u00ebr t&#8217;u shqyrtuar.<\/p>\n<p>K\u00ebshtu sipas t\u00eb dh\u00ebnave t\u00eb Agjencis\u00eb europiane p\u00ebr Azilin, 3278 shtetas shqiptar\u00eb jan\u00eb n\u00eb pritje t\u00eb shqyrtimit t\u00eb k\u00ebrkesave p\u00ebr azil, nd\u00ebrkoh\u00eb q\u00eb nga shtetasit nga Maqedonia e Veriut jan\u00eb 2146 k\u00ebrkesa, nga Serbia jan\u00eb 1250 k\u00ebrkesa, nga Kosova 966 k\u00ebrkesa, nga Bosnj\u00eb Herzegovina 540 dhe Mali i Zi jan\u00eb 118 k\u00ebrkesa.<\/p>\n<p>T\u00eb gjitha k\u00ebrkesat p\u00ebr azil nga vendet e Ballkanit Per\u00ebndimor t\u00eb shqyrtuara n\u00eb vendet e Bashkimit Europain kan\u00eb nj\u00eb nivel tejet t\u00eb ul\u00ebt t\u00eb pranimit.<\/p>\n<p>K\u00ebshtu, sipas raportit, shqiptar\u00ebt kan\u00eb vet\u00ebm 0,55 % t\u00eb k\u00ebrkesave t\u00eb shqyrtuara q\u00eb jan\u00eb pranuar nd\u00ebrsa asnj\u00eb nga vendet ballkanike nuk e kalon 1% t\u00eb k\u00ebrkesave t\u00eb pranuara p\u00ebr azil. Agjencia europiane p\u00ebr Azilin tha se n\u00eb n\u00ebtor vendet e Bashkimit Europian mor\u00ebn 118 mij\u00eb k\u00ebrkesa p\u00ebr azil.<\/p>\n<p>Nd\u00ebrsa p\u00ebr periudh\u00ebn nga janari deri n\u00eb n\u00ebntor t\u00eb vitit 2023 aplikime p\u00ebr azil n\u00eb vendet e Bashkimit Europian shkuan n\u00eb mbi 1 milion\u00eb, nj\u00eb nivel q\u00eb kujton sipas Agjencis\u00eb europiane p\u00ebr Azilin kriz\u00ebn e refugjat\u00ebve t\u00eb viteve 2015-2016.<\/p>\n<p>N\u00eb n\u00ebntor t\u00eb vitit 2023 Gjermania ruajti pozicionin e saj si destinacioni kryesor p\u00ebr azilk\u00ebrkuesit n\u00eb vendet e Bashkimit Europian, duke marr\u00eb gati nj\u00eb t\u00eb tret\u00ebn e gjith\u00eb k\u00ebrkesave p\u00ebr azil q\u00eb u paraqit\u00ebn n\u00eb vendet e Bashkimit Europian.<\/p>\n<p><img loading=\"lazy\" loading=\"lazy\" decoding=\"async\" src=\"https:\/\/neutrale.al\/wp-content\/uploads\/2024\/01\/7371faff-8194-4128-917a-4d71117992b4-300x202.jpeg\" alt=\"\" width=\"300\" height=\"202\" class=\"alignnone size-medium wp-image-68762\" srcset=\"https:\/\/neutrale.al\/wp-content\/uploads\/2024\/01\/7371faff-8194-4128-917a-4d71117992b4-300x202.jpeg 300w, https:\/\/neutrale.al\/wp-content\/uploads\/2024\/01\/7371faff-8194-4128-917a-4d71117992b4-1024x690.jpeg 1024w, https:\/\/neutrale.al\/wp-content\/uploads\/2024\/01\/7371faff-8194-4128-917a-4d71117992b4-768x518.jpeg 768w, https:\/\/neutrale.al\/wp-content\/uploads\/2024\/01\/7371faff-8194-4128-917a-4d71117992b4-860x580.jpeg 860w, https:\/\/neutrale.al\/wp-content\/uploads\/2024\/01\/7371faff-8194-4128-917a-4d71117992b4.jpeg 1080w\" sizes=\"auto, (max-width: 300px) 100vw, 300px\" \/><\/p>\n","protected":false},"excerpt":{"rendered":"<p>Shtetasit shqiptar\u00eb vijojn\u00eb t\u00eb kryesojn\u00eb n\u00eb raport me shtetasit e tjer\u00eb nga vendet e Ballkanit Per\u00ebndimor p\u00ebr numrin e lart\u00eb t\u00eb k\u00ebrkesave p\u00ebr azil n\u00eb vendet e Bashkimit Europian. Sipas raportit m\u00eb t\u00eb fundit t\u00eb Agjencis\u00eb Europiane p\u00ebr Azilin, publikuar t\u00eb premten, shqiptar\u00ebt paraqit\u00ebn vet\u00ebm gjat\u00eb muajit n\u00ebntor t\u00eb vitit 2023 rreth 892 aplikime p\u00ebr [&hellip;]<\/p>\n","protected":false},"author":2,"featured_media":68763,"comment_status":"open","ping_status":"open","sticky":false,"template":"","format":"standard","meta":{"footnotes":""},"categories":[118],"tags":[],"class_list":{"0":"post-68761","1":"post","2":"type-post","3":"status-publish","4":"format-standard","5":"has-post-thumbnail","7":"category-kryesore"},"_links":{"self":[{"href":"https:\/\/neutrale.al\/index.php\/wp-json\/wp\/v2\/posts\/68761","targetHints":{"allow":["GET"]}}],"collection":[{"href":"https:\/\/neutrale.al\/index.php\/wp-json\/wp\/v2\/posts"}],"about":[{"href":"https:\/\/neutrale.al\/index.php\/wp-json\/wp\/v2\/types\/post"}],"author":[{"embeddable":true,"href":"https:\/\/neutrale.al\/index.php\/wp-json\/wp\/v2\/users\/2"}],"replies":[{"embeddable":true,"href":"https:\/\/neutrale.al\/index.php\/wp-json\/wp\/v2\/comments?post=68761"}],"version-history":[{"count":2,"href":"https:\/\/neutrale.al\/index.php\/wp-json\/wp\/v2\/posts\/68761\/revisions"}],"predecessor-version":[{"id":68765,"href":"https:\/\/neutrale.al\/index.php\/wp-json\/wp\/v2\/posts\/68761\/revisions\/68765"}],"wp:featuredmedia":[{"embeddable":true,"href":"https:\/\/neutrale.al\/index.php\/wp-json\/wp\/v2\/media\/68763"}],"wp:attachment":[{"href":"https:\/\/neutrale.al\/index.php\/wp-json\/wp\/v2\/media?parent=68761"}],"wp:term":[{"taxonomy":"category","embeddable":true,"href":"https:\/\/neutrale.al\/index.php\/wp-json\/wp\/v2\/categories?post=68761"},{"taxonomy":"post_tag","embeddable":true,"href":"https:\/\/neutrale.al\/index.php\/wp-json\/wp\/v2\/tags?post=68761"}],"curies":[{"name":"wp","href":"https:\/\/api.w.org\/{rel}","templated":true}]}}