{"id":68741,"date":"2024-01-19T14:21:46","date_gmt":"2024-01-19T14:21:46","guid":{"rendered":"https:\/\/neutrale.al\/?p=68741"},"modified":"2024-01-19T14:21:46","modified_gmt":"2024-01-19T14:21:46","slug":"ish-ministri-i-drejtesise-ylli-manjani-per-cfare-akuzohet-sali-berisha","status":"publish","type":"post","link":"https:\/\/neutrale.al\/index.php\/2024\/01\/19\/ish-ministri-i-drejtesise-ylli-manjani-per-cfare-akuzohet-sali-berisha\/","title":{"rendered":"Ish-ministri i Drejt\u00ebsis\u00eb, Ylli Manjani\/ P\u00ebr \u00e7far\u00eb akuzohet Sali Berisha ?"},"content":{"rendered":"<p>Q\u00eb t\u00eb mbajm\u00eb llogjik\u00ebn n\u00eb pun\u00eb.<\/p>\n<p>Sali Berisha nuk akuzohet p\u00ebr asnj\u00eb vep\u00ebr penale. Zyrtarisht ndaj Tij nuk ka asnj\u00eb akuz\u00eb. Megjithat\u00eb, si 98% e gjith\u00eb t\u00eb tjer\u00ebve sot q\u00eb jan\u00eb n\u00ebn masa sigurie, edhe ndaj Tij \u00ebsht\u00eb aplikuar nj\u00eb mas\u00eb sigurie. <\/p>\n<p>Absurditet juridik q\u00eb vet\u00ebm n\u00eb Shqip\u00ebrin\u00eb me drejt\u00ebsi post reform\u00eb e gjeni.<\/p>\n<p>Nga ana tjet\u00ebr asnj\u00eb dyshim, i arsyesh\u00ebm ose jo, nuk sugjeron q\u00eb Sali Berisha t\u00eb ket\u00eb kryer vep\u00ebr penale n\u00eb ushtrimin e detyr\u00ebs s\u00eb Tij si Deputet dhe si kryetar i nj\u00eb partie politike. Asnj\u00eb dyshim, qoft\u00eb dhe periferik nuk sugjeron q\u00eb n\u00ebse Sali Berisha shkon rregullisht n\u00eb pun\u00ebt e tij, d\u00ebmton prova apo shkat\u00ebrron drejt\u00ebsin\u00eb. E p\u00ebrs\u00ebris asnj\u00eb dyshim nuk ligjet me detyrat q\u00eb ai mban sot. <\/p>\n<p>At\u00ebher\u00eb p\u00ebrse, mbi \u00e7&#8217;ligj e mbi \u00e7&#8217;llogjik\u00eb i ndalohet ushtrimi i mandatit t\u00eb deputetit dhe detyrat politike q\u00eb ai mban?! <\/p>\n<p>I vetmi arsyetim q\u00eb mund t\u00eb q\u00ebndroj\u00eb \u00ebsht\u00eb nd\u00ebrhyrja politike n\u00eb pun\u00ebt e kund\u00ebrshtarit. Ndalimi me \u00e7do kusht ai kund\u00ebrshtarit q\u00eb t\u00eb merret me politike. <\/p>\n<p>Ndaj llogjika e vetme q\u00eb mbetet \u00ebsht\u00eb llogjika e hakmarrjes politike. Njer\u00ebzit kan\u00eb t\u00eb drejt\u00eb t\u00eb jen\u00eb apo jo dakord me nd\u00ebshkimin politik t\u00eb Sali Berish\u00ebs, por t\u00eb gjith\u00eb biem dakord q\u00eb \u00ebsht\u00eb nd\u00ebshkim politik. <\/p>\n<p>Vet\u00ebm se nd\u00ebshkimi politik po b\u00ebhet jo me mjet politik.<\/p>\n<p>Mjeti q\u00eb p\u00ebrdoret, SPAK- u pra, nuk ka lidhje as me ligjin as me drejt\u00ebsin\u00eb e pavarur. P\u00ebr k\u00ebt\u00eb jam i keqardhur.<\/p>\n","protected":false},"excerpt":{"rendered":"<p>Q\u00eb t\u00eb mbajm\u00eb llogjik\u00ebn n\u00eb pun\u00eb. Sali Berisha nuk akuzohet p\u00ebr asnj\u00eb vep\u00ebr penale. Zyrtarisht ndaj Tij nuk ka asnj\u00eb akuz\u00eb. Megjithat\u00eb, si 98% e gjith\u00eb t\u00eb tjer\u00ebve sot q\u00eb jan\u00eb n\u00ebn masa sigurie, edhe ndaj Tij \u00ebsht\u00eb aplikuar nj\u00eb mas\u00eb sigurie. Absurditet juridik q\u00eb vet\u00ebm n\u00eb Shqip\u00ebrin\u00eb me drejt\u00ebsi post reform\u00eb e gjeni. Nga [&hellip;]<\/p>\n","protected":false},"author":2,"featured_media":68742,"comment_status":"open","ping_status":"open","sticky":false,"template":"","format":"standard","meta":{"footnotes":""},"categories":[118,9],"tags":[],"class_list":{"0":"post-68741","1":"post","2":"type-post","3":"status-publish","4":"format-standard","5":"has-post-thumbnail","7":"category-kryesore","8":"category-politika"},"_links":{"self":[{"href":"https:\/\/neutrale.al\/index.php\/wp-json\/wp\/v2\/posts\/68741","targetHints":{"allow":["GET"]}}],"collection":[{"href":"https:\/\/neutrale.al\/index.php\/wp-json\/wp\/v2\/posts"}],"about":[{"href":"https:\/\/neutrale.al\/index.php\/wp-json\/wp\/v2\/types\/post"}],"author":[{"embeddable":true,"href":"https:\/\/neutrale.al\/index.php\/wp-json\/wp\/v2\/users\/2"}],"replies":[{"embeddable":true,"href":"https:\/\/neutrale.al\/index.php\/wp-json\/wp\/v2\/comments?post=68741"}],"version-history":[{"count":2,"href":"https:\/\/neutrale.al\/index.php\/wp-json\/wp\/v2\/posts\/68741\/revisions"}],"predecessor-version":[{"id":68744,"href":"https:\/\/neutrale.al\/index.php\/wp-json\/wp\/v2\/posts\/68741\/revisions\/68744"}],"wp:featuredmedia":[{"embeddable":true,"href":"https:\/\/neutrale.al\/index.php\/wp-json\/wp\/v2\/media\/68742"}],"wp:attachment":[{"href":"https:\/\/neutrale.al\/index.php\/wp-json\/wp\/v2\/media?parent=68741"}],"wp:term":[{"taxonomy":"category","embeddable":true,"href":"https:\/\/neutrale.al\/index.php\/wp-json\/wp\/v2\/categories?post=68741"},{"taxonomy":"post_tag","embeddable":true,"href":"https:\/\/neutrale.al\/index.php\/wp-json\/wp\/v2\/tags?post=68741"}],"curies":[{"name":"wp","href":"https:\/\/api.w.org\/{rel}","templated":true}]}}