{"id":68697,"date":"2024-01-19T09:48:04","date_gmt":"2024-01-19T09:48:04","guid":{"rendered":"https:\/\/neutrale.al\/?p=68697"},"modified":"2024-01-19T09:48:04","modified_gmt":"2024-01-19T09:48:04","slug":"tirane-dogjen-nje-makine-ne-tirane-shpallen-ne-kerkim-dy-shtetas-nga-maqedonia-e-veriut","status":"publish","type":"post","link":"https:\/\/neutrale.al\/index.php\/2024\/01\/19\/tirane-dogjen-nje-makine-ne-tirane-shpallen-ne-kerkim-dy-shtetas-nga-maqedonia-e-veriut\/","title":{"rendered":"Tiran\u00eb\/ Dogj\u00ebn nj\u00eb makin\u00eb n\u00eb Tiran\u00eb, shpallen n\u00eb k\u00ebrkim dy shtetas nga Maqedonia e Veriut"},"content":{"rendered":"<p>Detajet e ngjarjes dhe njoftimi i Policis\u00eb s\u00eb Shtetit:<\/p>\n<p>Finalizohet operacioni policor i koduar &#8220;Fire&#8221;, nga Komisariati i Policis\u00eb Nr. 6.<\/p>\n<p>Zbardhet dhe dokumentohet, me prova ligjore, djegia e nj\u00eb automjeti n\u00eb zon\u00ebn e Unaz\u00ebs s\u00eb Re, e cila fillimisht u raportua si ngjarje aksidentale.<\/p>\n<p>Shpallen n\u00eb k\u00ebrkim dy shtetas nga Maqedonia e Veriut, si autor\u00eb t\u00eb dyshuar t\u00eb k\u00ebsaj ngjarje.<\/p>\n<p>Sh\u00ebrbimet e Komisariatit t\u00eb Policis\u00eb Nr. 6, n\u00eb vijim t\u00eb veprimeve hetimore t\u00eb thelluara p\u00ebr nj\u00eb djegie automjeti t\u00eb ndodhur m\u00eb dat\u00eb 04.01.2024, n\u00eb rrug\u00ebn &#8220;Astrit Losha&#8221;, e cila fillimisht u raportua si ngjarje aksdentale, bazuar dhe n\u00eb inteligjenc\u00ebn policore, kan\u00eb organizuar dhe finalizuar operacionin policor t\u00eb koduar &#8220;Fire&#8221;.<\/p>\n<p>N\u00eb kuad\u00ebr t\u00eb tij u b\u00eb shpallja n\u00eb k\u00ebrkim e shtetasve F. T., 37 vje\u00e7, dhe M. S., 27 vje\u00e7, t\u00eb dy banues n\u00eb Maqedonin\u00eb e Veriut.<\/p>\n<p>Nga veprimeve hetimore t\u00eb kryera ka rezultuar se k\u00ebta shtetas, n\u00eb bashk\u00ebpunim me nj\u00ebri-tjetrin, m\u00eb dat\u00eb 04.01.2024, n\u00eb rrug\u00ebn &#8220;Astrit Losha&#8221;, p\u00ebr motive t\u00eb dob\u00ebta, kan\u00eb djegur automjetin e shtetases Xh. T.<\/p>\n<p>Materialet procedurale i kaluan Prokuroris\u00eb pran\u00eb Gjykat\u00ebs s\u00eb Shkall\u00ebs s\u00eb Par\u00eb t\u00eb Juridiksionit t\u00eb P\u00ebrgjithsh\u00ebm Tiran\u00eb, p\u00ebr veprime t\u00eb m\u00ebtejshme.<\/p>\n","protected":false},"excerpt":{"rendered":"<p>Detajet e ngjarjes dhe njoftimi i Policis\u00eb s\u00eb Shtetit: Finalizohet operacioni policor i koduar &#8220;Fire&#8221;, nga Komisariati i Policis\u00eb Nr. 6. Zbardhet dhe dokumentohet, me prova ligjore, djegia e nj\u00eb automjeti n\u00eb zon\u00ebn e Unaz\u00ebs s\u00eb Re, e cila fillimisht u raportua si ngjarje aksidentale. Shpallen n\u00eb k\u00ebrkim dy shtetas nga Maqedonia e Veriut, si [&hellip;]<\/p>\n","protected":false},"author":2,"featured_media":68698,"comment_status":"open","ping_status":"open","sticky":false,"template":"","format":"standard","meta":{"footnotes":""},"categories":[117],"tags":[27],"class_list":{"0":"post-68697","1":"post","2":"type-post","3":"status-publish","4":"format-standard","5":"has-post-thumbnail","7":"category-aktualitet","8":"tag-lajme"},"_links":{"self":[{"href":"https:\/\/neutrale.al\/index.php\/wp-json\/wp\/v2\/posts\/68697","targetHints":{"allow":["GET"]}}],"collection":[{"href":"https:\/\/neutrale.al\/index.php\/wp-json\/wp\/v2\/posts"}],"about":[{"href":"https:\/\/neutrale.al\/index.php\/wp-json\/wp\/v2\/types\/post"}],"author":[{"embeddable":true,"href":"https:\/\/neutrale.al\/index.php\/wp-json\/wp\/v2\/users\/2"}],"replies":[{"embeddable":true,"href":"https:\/\/neutrale.al\/index.php\/wp-json\/wp\/v2\/comments?post=68697"}],"version-history":[{"count":1,"href":"https:\/\/neutrale.al\/index.php\/wp-json\/wp\/v2\/posts\/68697\/revisions"}],"predecessor-version":[{"id":68699,"href":"https:\/\/neutrale.al\/index.php\/wp-json\/wp\/v2\/posts\/68697\/revisions\/68699"}],"wp:featuredmedia":[{"embeddable":true,"href":"https:\/\/neutrale.al\/index.php\/wp-json\/wp\/v2\/media\/68698"}],"wp:attachment":[{"href":"https:\/\/neutrale.al\/index.php\/wp-json\/wp\/v2\/media?parent=68697"}],"wp:term":[{"taxonomy":"category","embeddable":true,"href":"https:\/\/neutrale.al\/index.php\/wp-json\/wp\/v2\/categories?post=68697"},{"taxonomy":"post_tag","embeddable":true,"href":"https:\/\/neutrale.al\/index.php\/wp-json\/wp\/v2\/tags?post=68697"}],"curies":[{"name":"wp","href":"https:\/\/api.w.org\/{rel}","templated":true}]}}