{"id":68436,"date":"2024-01-15T20:49:41","date_gmt":"2024-01-15T20:49:41","guid":{"rendered":"https:\/\/neutrale.al\/?p=68436"},"modified":"2024-01-15T20:49:41","modified_gmt":"2024-01-15T20:49:41","slug":"kater-nxenes-donin-rregulla-te-sheriatit-ne-shkolle-gjermane","status":"publish","type":"post","link":"https:\/\/neutrale.al\/index.php\/2024\/01\/15\/kater-nxenes-donin-rregulla-te-sheriatit-ne-shkolle-gjermane\/","title":{"rendered":"Kat\u00ebr nx\u00ebn\u00ebs donin rregulla t\u00eb Sheriatit n\u00eb shkoll\u00eb gjermane"},"content":{"rendered":"<p>N\u00eb nj\u00eb shkoll\u00eb t\u00eb p\u00ebrgjithshme gjermane n\u00eb Nois, kat\u00ebr nx\u00ebn\u00ebs kan\u00eb k\u00ebrkuar futjen e rregullave m\u00eb t\u00eb rrepta islame n\u00eb shkoll\u00eb, nd\u00ebr t\u00eb tjera edhe ndarjen gjinore n\u00eb klasa. Policia \u00ebsht\u00eb duke u marr\u00eb me k\u00ebt\u00eb rast.<\/p>\n<p>Ministri i Brendsh\u00ebm i\u00a0landit\u00a0gjerman, (NRW)Renani Veriore-Vestfali,\u00a0Herbert Reul \u00ebsht\u00eb shprehur me shqet\u00ebsim n\u00eb lidhje me rastin e nj\u00eb shkoll\u00eb t\u00eb p\u00ebrgjithshme n\u00eb Nois, ku jan\u00eb k\u00ebrkuar\u00a0rregulla t\u00eb forta islame\u00a0n\u00eb shkoll\u00eb. Sipas t\u00eb dh\u00ebnave, kat\u00ebr nx\u00ebn\u00ebs kan\u00eb k\u00ebrkuar q\u00eb vajzat t\u00eb mbulohen, si e k\u00ebrkon sheriati, nx\u00ebn\u00ebsit mysliman\u00eb t\u00eb largohen t\u00eb premten nga shkolla m\u00eb her\u00ebt p\u00ebr shkak t\u00eb lutjes s\u00eb t\u00eb premtes. Po ashtu ata k\u00ebrkojn\u00eb ndarjen gjinore n\u00eb m\u00ebsimin e notit, k\u00ebt\u00eb edhe p\u00ebr personelin e m\u00ebsuesve. K\u00ebrkesat jan\u00eb shtruar nga kat\u00ebr nx\u00ebn\u00ebs mysliman\u00eb n\u00eb shkoll\u00ebn e p\u00ebgjithshme n\u00eb pjes\u00ebn veriore t\u00eb qytetit. Me gjas\u00eb ata kan\u00eb ushtruar presion edhe mbi nx\u00ebn\u00ebs t\u00eb tjer\u00eb q\u00eb n\u00eb syt\u00eb e tyre nuk jan\u00eb &#8220;mysliman\u00eb t\u00eb denj\u00eb&#8221;. N\u00eb m\u00ebsim q\u00eb t\u00eb kat\u00ebrt jan\u00eb shprehur qart\u00eb, se e refuzojn\u00eb demokracin\u00eb.<\/p>\n<p>Ministri i Brendsh\u00ebm i landit, Reul \u00ebsht\u00eb shprehur se duhet t\u00eb &#8220;kujdesemi n\u00eb koh\u00ebn e duhur&#8221;. Rasti \u00ebsht\u00eb i r\u00ebnd\u00eb, Reul i b\u00ebri thirrje m\u00ebsuesve, prind\u00ebrve p\u00ebr m\u00eb shum\u00eb v\u00ebmendje ndaj radikalizimit islamist t\u00eb t\u00eb rinjve. Shkolla i ka qen\u00eb drejtuar programit t\u00eb parandalimit &#8220;Udh\u00ebrr\u00ebfyes&#8221; q\u00eb trajton radikalizimin islamist dhe ka ftuar nj\u00eb ekspert p\u00ebr t\u00eb ofruar kurse n\u00eb shkoll\u00eb. N\u00eb raportin e policis\u00eb thuhet, se t\u00eb pakt\u00ebn programi &#8220;Udh\u00ebrr\u00ebfyes&#8221; nuk ka sjell\u00eb ndonj\u00eb rezultat.<\/p>\n<p>T\u00eb gjitha k\u00ebto t\u00eb dh\u00ebna gjenden n\u00eb nj\u00eb raport t\u00eb policis\u00eb s\u00eb landit, t\u00eb cil\u00ebn radioja gjermane, WDR e ka n\u00eb zot\u00ebrim. Fillimisht p\u00ebr k\u00ebt\u00eb rast kishte informuar gazeta &#8220;Rheinische Post&#8221;. Sipas njoftimeve t\u00eb tyre rastet jan\u00eb shfaqur n\u00eb shkoll\u00eb n\u00eb mars dhe dhjetor. Shkolla i \u00ebsht\u00eb drejtuar policis\u00eb, e cila p\u00ebr rastet n\u00eb mars nuk kishte konstatuar ndonj\u00eb vep\u00ebr penale. P\u00ebr rastin n\u00eb dhjetor \u00ebsht\u00eb duke hetuar prokuroria, n\u00ebn dyshimin p\u00ebr k\u00ebrc\u00ebnim dhe nxitje. Sipas raportit t\u00eb policis\u00eb edhe prind\u00ebrit e kat\u00ebr nx\u00ebn\u00ebsve jan\u00eb verifikuar dhe nuk \u00ebsht\u00eb konstatuar vep\u00ebr penale. T\u00eb dh\u00ebnat i jan\u00eb d\u00ebrguar zyr\u00ebs s\u00eb landit p\u00ebr kriminalistik\u00eb me lutjen p\u00ebr d\u00ebrgimin e \u00e7\u00ebshtjes tek Ministria e Brendshme dhe Mbrojtja Kushtetuese.<\/p>\n<p>\u00a0Burimi: Tagesschau\/WDR<\/p>\n<p>DW<\/p>\n","protected":false},"excerpt":{"rendered":"<p>N\u00eb nj\u00eb shkoll\u00eb t\u00eb p\u00ebrgjithshme gjermane n\u00eb Nois, kat\u00ebr nx\u00ebn\u00ebs kan\u00eb k\u00ebrkuar futjen e rregullave m\u00eb t\u00eb rrepta islame n\u00eb shkoll\u00eb, nd\u00ebr t\u00eb tjera edhe ndarjen gjinore n\u00eb klasa. Policia \u00ebsht\u00eb duke u marr\u00eb me k\u00ebt\u00eb rast. Ministri i Brendsh\u00ebm i\u00a0landit\u00a0gjerman, (NRW)Renani Veriore-Vestfali,\u00a0Herbert Reul \u00ebsht\u00eb shprehur me shqet\u00ebsim n\u00eb lidhje me rastin e nj\u00eb shkoll\u00eb [&hellip;]<\/p>\n","protected":false},"author":2,"featured_media":68437,"comment_status":"open","ping_status":"open","sticky":false,"template":"","format":"standard","meta":{"footnotes":""},"categories":[12],"tags":[27],"class_list":{"0":"post-68436","1":"post","2":"type-post","3":"status-publish","4":"format-standard","5":"has-post-thumbnail","7":"category-bota","8":"tag-lajme"},"_links":{"self":[{"href":"https:\/\/neutrale.al\/index.php\/wp-json\/wp\/v2\/posts\/68436","targetHints":{"allow":["GET"]}}],"collection":[{"href":"https:\/\/neutrale.al\/index.php\/wp-json\/wp\/v2\/posts"}],"about":[{"href":"https:\/\/neutrale.al\/index.php\/wp-json\/wp\/v2\/types\/post"}],"author":[{"embeddable":true,"href":"https:\/\/neutrale.al\/index.php\/wp-json\/wp\/v2\/users\/2"}],"replies":[{"embeddable":true,"href":"https:\/\/neutrale.al\/index.php\/wp-json\/wp\/v2\/comments?post=68436"}],"version-history":[{"count":2,"href":"https:\/\/neutrale.al\/index.php\/wp-json\/wp\/v2\/posts\/68436\/revisions"}],"predecessor-version":[{"id":68439,"href":"https:\/\/neutrale.al\/index.php\/wp-json\/wp\/v2\/posts\/68436\/revisions\/68439"}],"wp:featuredmedia":[{"embeddable":true,"href":"https:\/\/neutrale.al\/index.php\/wp-json\/wp\/v2\/media\/68437"}],"wp:attachment":[{"href":"https:\/\/neutrale.al\/index.php\/wp-json\/wp\/v2\/media?parent=68436"}],"wp:term":[{"taxonomy":"category","embeddable":true,"href":"https:\/\/neutrale.al\/index.php\/wp-json\/wp\/v2\/categories?post=68436"},{"taxonomy":"post_tag","embeddable":true,"href":"https:\/\/neutrale.al\/index.php\/wp-json\/wp\/v2\/tags?post=68436"}],"curies":[{"name":"wp","href":"https:\/\/api.w.org\/{rel}","templated":true}]}}