{"id":6842,"date":"2022-06-26T15:52:13","date_gmt":"2022-06-26T15:52:13","guid":{"rendered":"https:\/\/neutrale.al\/?p=6842"},"modified":"2022-06-26T15:52:13","modified_gmt":"2022-06-26T15:52:13","slug":"tronditese-ajo-cfare-ka-ndodhur-ne-elbasan","status":"publish","type":"post","link":"https:\/\/neutrale.al\/index.php\/2022\/06\/26\/tronditese-ajo-cfare-ka-ndodhur-ne-elbasan\/","title":{"rendered":"Trondit\u00ebse ajo \u00e7far\u00eb ka ndodhur n\u00eb Elbasan."},"content":{"rendered":"<p>Nj\u00eb ngjarje shum\u00eb e r\u00ebnd\u00eb ka ndodhur dit\u00ebn e sotme n\u00eb qytetin e Elbasanit, ku nj\u00eb 16-vje\u00e7are \u00ebsht\u00eb gjendur e pajet\u00eb nga familjar\u00ebt e saj. <\/p>\n<p>M\u00ebsohet se e reja, n\u00eb rrethana t\u00eb panjohura, ka vrar\u00eb veten. Ngjarja ka ndodhur n\u00eb lagjen \u201cSh\u00ebnkoll\u201d t\u00eb k\u00ebtij qytetit. <\/p>\n<p>Vajza16 vje\u00e7are \u00ebsht\u00eb gjetur e pajet\u00eb n\u00eb banes\u00eb nga familjar\u00ebt, nd\u00ebrkoh\u00eb nuk dihet shkaqet q\u00eb kan\u00eb \u00e7uar adoleshenten drejt k\u00ebtij akti t\u00eb r\u00ebnd\u00eb. <\/p>\n<p>Sakaq policia ka mb\u00ebrritur n\u00eb vendin e ngjarjes ku edhe ka marr\u00eb n\u00eb pyetje familjar\u00ebt<\/p>\n","protected":false},"excerpt":{"rendered":"<p>Nj\u00eb ngjarje shum\u00eb e r\u00ebnd\u00eb ka ndodhur dit\u00ebn e sotme n\u00eb qytetin e Elbasanit, ku nj\u00eb 16-vje\u00e7are \u00ebsht\u00eb gjendur e pajet\u00eb nga familjar\u00ebt e saj. M\u00ebsohet se e reja, n\u00eb rrethana t\u00eb panjohura, ka vrar\u00eb veten. Ngjarja ka ndodhur n\u00eb lagjen \u201cSh\u00ebnkoll\u201d t\u00eb k\u00ebtij qytetit. Vajza16 vje\u00e7are \u00ebsht\u00eb gjetur e pajet\u00eb n\u00eb banes\u00eb nga familjar\u00ebt, [&hellip;]<\/p>\n","protected":false},"author":2,"featured_media":6843,"comment_status":"open","ping_status":"open","sticky":false,"template":"","format":"standard","meta":{"footnotes":""},"categories":[117,118],"tags":[27],"class_list":{"0":"post-6842","1":"post","2":"type-post","3":"status-publish","4":"format-standard","5":"has-post-thumbnail","7":"category-aktualitet","8":"category-kryesore","9":"tag-lajme"},"_links":{"self":[{"href":"https:\/\/neutrale.al\/index.php\/wp-json\/wp\/v2\/posts\/6842","targetHints":{"allow":["GET"]}}],"collection":[{"href":"https:\/\/neutrale.al\/index.php\/wp-json\/wp\/v2\/posts"}],"about":[{"href":"https:\/\/neutrale.al\/index.php\/wp-json\/wp\/v2\/types\/post"}],"author":[{"embeddable":true,"href":"https:\/\/neutrale.al\/index.php\/wp-json\/wp\/v2\/users\/2"}],"replies":[{"embeddable":true,"href":"https:\/\/neutrale.al\/index.php\/wp-json\/wp\/v2\/comments?post=6842"}],"version-history":[{"count":1,"href":"https:\/\/neutrale.al\/index.php\/wp-json\/wp\/v2\/posts\/6842\/revisions"}],"predecessor-version":[{"id":6844,"href":"https:\/\/neutrale.al\/index.php\/wp-json\/wp\/v2\/posts\/6842\/revisions\/6844"}],"wp:featuredmedia":[{"embeddable":true,"href":"https:\/\/neutrale.al\/index.php\/wp-json\/wp\/v2\/media\/6843"}],"wp:attachment":[{"href":"https:\/\/neutrale.al\/index.php\/wp-json\/wp\/v2\/media?parent=6842"}],"wp:term":[{"taxonomy":"category","embeddable":true,"href":"https:\/\/neutrale.al\/index.php\/wp-json\/wp\/v2\/categories?post=6842"},{"taxonomy":"post_tag","embeddable":true,"href":"https:\/\/neutrale.al\/index.php\/wp-json\/wp\/v2\/tags?post=6842"}],"curies":[{"name":"wp","href":"https:\/\/api.w.org\/{rel}","templated":true}]}}