{"id":6824,"date":"2022-06-26T11:07:28","date_gmt":"2022-06-26T11:07:28","guid":{"rendered":"https:\/\/neutrale.al\/?p=6824"},"modified":"2022-06-26T11:07:28","modified_gmt":"2022-06-26T11:07:28","slug":"bislim-ahmetaj-me-dom-gjergj-meten-shqiperia-duket-me-e-mire","status":"publish","type":"post","link":"https:\/\/neutrale.al\/index.php\/2022\/06\/26\/bislim-ahmetaj-me-dom-gjergj-meten-shqiperia-duket-me-e-mire\/","title":{"rendered":"Bislim Ahmetaj\/ Me Dom Gjergj Met\u00ebn, Shqip\u00ebria duket m\u00eb e mir\u00eb !"},"content":{"rendered":"<p>Prej vitesh kam dasht\u00eb me u takue dhe me shk\u00ebmbye mendime me Dom Gjergj Met\u00ebn, Ipeshkvin e Dioqez\u00ebs s\u00eb Mirdit\u00ebs. Dashti Zoti dhe u takuam n\u00eb nj\u00eb dit\u00eb t\u00eb shenjt\u00eb, bash n\u00eb\u00a0 pelegrinazhin\u00a0 q\u00eb Klubi i Poezis\u00eb q\u00eb udh\u00ebhiqet prej Rexhep Shahut dhe Izet Durakut i mb\u00ebshtetur nga deputeti demokrat Flamur Hoxha mbrriti n\u00eb qytetin e Rr\u00ebshenit. Dhe pse erdh\u00ebm n\u00eb Mirdit\u00eb do m\u00eb\u00a0 pyeste ndonj\u00ebri prej miqve t\u00eb mi?!?<br \/>\nPik\u00ebrisht p\u00ebr t\u00eb\u00a0 nderuar sakrific\u00ebn, q\u00ebndres\u00ebn, krenarin\u00eb, sfid\u00ebn dhe\u00a0 vuajtjet q\u00eb p\u00ebrjetoj n\u00eb k\u00ebt\u00eb cep t\u00eb Atdheut shkrimtarja, politikania dhe veprimtarja e shquar shqiptare Musine Kokolari.<br \/>\nKjo nj\u00eb tradit\u00eb e krijuar e Klubit t\u00eb Poezis\u00eb p\u00ebr t\u00eb nderuar t\u00eb gjith\u00eb shkrimtar\u00ebt e martirizuar nga diktatura komuniste.<br \/>\nDita ishte v\u00ebrtet\u00eb e mbushur me surpriza dhe emocione, por mbresat q\u00eb la tek un\u00eb takimi me\u00a0 Dom Gjergj Met\u00ebn ishin pik\u00ebrisht ato q\u00eb kisha projektuar dhe p\u00ebrceptuar nga distanca p\u00ebr k\u00ebt\u00eb njeri t\u00eb ditur, t\u00eb thjesht\u00eb, t\u00eb shqet\u00ebsuar dhe t\u00eb jasht\u00ebzakonsh\u00ebm .<br \/>\nDuke u ndar\u00eb me t\u00eb mendova dhe urova: Sikur ti kishim edhe disa &#8220;barinj\u00eb&#8221; fetar\u00a0 t\u00eb gjitha fet\u00eb si Gjergj Meta pun\u00ebt e Atdheut dhe tonat do t\u00eb shkonin shum\u00eb her\u00eb m\u00eb mir\u00eb&#8230;<\/p>\n","protected":false},"excerpt":{"rendered":"<p>Prej vitesh kam dasht\u00eb me u takue dhe me shk\u00ebmbye mendime me Dom Gjergj Met\u00ebn, Ipeshkvin e Dioqez\u00ebs s\u00eb Mirdit\u00ebs. Dashti Zoti dhe u takuam n\u00eb nj\u00eb dit\u00eb t\u00eb shenjt\u00eb, bash n\u00eb\u00a0 pelegrinazhin\u00a0 q\u00eb Klubi i Poezis\u00eb q\u00eb udh\u00ebhiqet prej Rexhep Shahut dhe Izet Durakut i mb\u00ebshtetur nga deputeti demokrat Flamur Hoxha mbrriti n\u00eb qytetin [&hellip;]<\/p>\n","protected":false},"author":2,"featured_media":6825,"comment_status":"open","ping_status":"open","sticky":false,"template":"","format":"standard","meta":{"footnotes":""},"categories":[2],"tags":[],"class_list":{"0":"post-6824","1":"post","2":"type-post","3":"status-publish","4":"format-standard","5":"has-post-thumbnail","7":"category-opinione"},"_links":{"self":[{"href":"https:\/\/neutrale.al\/index.php\/wp-json\/wp\/v2\/posts\/6824","targetHints":{"allow":["GET"]}}],"collection":[{"href":"https:\/\/neutrale.al\/index.php\/wp-json\/wp\/v2\/posts"}],"about":[{"href":"https:\/\/neutrale.al\/index.php\/wp-json\/wp\/v2\/types\/post"}],"author":[{"embeddable":true,"href":"https:\/\/neutrale.al\/index.php\/wp-json\/wp\/v2\/users\/2"}],"replies":[{"embeddable":true,"href":"https:\/\/neutrale.al\/index.php\/wp-json\/wp\/v2\/comments?post=6824"}],"version-history":[{"count":1,"href":"https:\/\/neutrale.al\/index.php\/wp-json\/wp\/v2\/posts\/6824\/revisions"}],"predecessor-version":[{"id":6826,"href":"https:\/\/neutrale.al\/index.php\/wp-json\/wp\/v2\/posts\/6824\/revisions\/6826"}],"wp:featuredmedia":[{"embeddable":true,"href":"https:\/\/neutrale.al\/index.php\/wp-json\/wp\/v2\/media\/6825"}],"wp:attachment":[{"href":"https:\/\/neutrale.al\/index.php\/wp-json\/wp\/v2\/media?parent=6824"}],"wp:term":[{"taxonomy":"category","embeddable":true,"href":"https:\/\/neutrale.al\/index.php\/wp-json\/wp\/v2\/categories?post=6824"},{"taxonomy":"post_tag","embeddable":true,"href":"https:\/\/neutrale.al\/index.php\/wp-json\/wp\/v2\/tags?post=6824"}],"curies":[{"name":"wp","href":"https:\/\/api.w.org\/{rel}","templated":true}]}}