{"id":68147,"date":"2024-01-11T11:32:17","date_gmt":"2024-01-11T11:32:17","guid":{"rendered":"https:\/\/neutrale.al\/?p=68147"},"modified":"2024-01-11T11:32:17","modified_gmt":"2024-01-11T11:32:17","slug":"vrasja-e-kunatit-ne-greqi-deshmia-e-18-vjecares-qe-u-perdhnua-nga-vellai-i-njerkes","status":"publish","type":"post","link":"https:\/\/neutrale.al\/index.php\/2024\/01\/11\/vrasja-e-kunatit-ne-greqi-deshmia-e-18-vjecares-qe-u-perdhnua-nga-vellai-i-njerkes\/","title":{"rendered":"Vrasja e kunatit n\u00eb Greqi\/  D\u00ebshmia e 18-vje\u00e7ares q\u00eb u p\u00ebrdh*nua nga v\u00ebllai i njerk\u00ebs"},"content":{"rendered":"<p>Mediat greke kan\u00eb publikuar detaje t\u00eb reja mbi vrasjen e 33-vje\u00e7arit Erjon Pelivani, i cili u ekzekutua nga kunati Fatmir Tarellari, pasi ky i fundit m\u00ebsoi se i kishte abuzuar seksualisht vajz\u00ebn.<\/p>\n<p>Sipas d\u00ebshmis\u00eb s\u00eb 18-vje\u00e7ares, \u201cajo ishte ngacmuar seksualisht q\u00eb n\u00eb mosh\u00ebn 9-vje\u00e7are dhe p\u00ebrdhunimet kan\u00eb ndodhur nga mosha 12 deri n\u00eb 14 vje\u00e7\u201d.<\/p>\n<p>N\u00eb mosh\u00ebn 14-vje\u00e7are, kur f\u00ebmija u rrit pak, ajo i tha \u201cse n\u00ebse vazhdonte t\u00eb abuzonte do t\u00eb denonconte gjith\u00e7ka\u201d.\u00a0Por n\u00eb momentin kur 33-vje\u00e7arit i duheshin para gjith\u00e7ka, ai e shantazhonte me videot q\u00eb i kishte b\u00ebr\u00eb gjat\u00eb p\u00ebrdhunimeve.<\/p>\n<p>Pelivani dyshohet se e ka k\u00ebrc\u00ebnuar 18-vje\u00e7aren duke i th\u00ebn\u00eb se\u00a0\u201cn\u00ebse flet do ta p\u00ebsosh\u201d.<\/p>\n<p>Shantazhet sipas policis\u00eb kan\u00eb nisur q\u00eb kur vajza \u00ebsht\u00eb larguar p\u00ebr t\u00eb studiuar.<\/p>\n<p>\u201cDo t\u2019i postoj videot, q\u00eb t\u2019i shohin t\u00eb gjith\u00eb\u201d, dyshohet se i ka th\u00ebn\u00eb Pelivani.<\/p>\n<p>Videot si dhe mesazhet shantazhuese jan\u00eb tashm\u00eb n\u00eb duart e policis\u00eb greke.<\/p>\n<p>Avokati i babait 50-vje\u00e7ar tha gjithashtu se vajza u kishte th\u00ebn\u00eb motrave t\u00eb saj p\u00ebr ngacmime seksuale, por jo p\u00ebr p\u00ebrdhunime apo t\u00eb p\u00ebrmendte emrin e personit.<\/p>\n","protected":false},"excerpt":{"rendered":"<p>Mediat greke kan\u00eb publikuar detaje t\u00eb reja mbi vrasjen e 33-vje\u00e7arit Erjon Pelivani, i cili u ekzekutua nga kunati Fatmir Tarellari, pasi ky i fundit m\u00ebsoi se i kishte abuzuar seksualisht vajz\u00ebn. Sipas d\u00ebshmis\u00eb s\u00eb 18-vje\u00e7ares, \u201cajo ishte ngacmuar seksualisht q\u00eb n\u00eb mosh\u00ebn 9-vje\u00e7are dhe p\u00ebrdhunimet kan\u00eb ndodhur nga mosha 12 deri n\u00eb 14 vje\u00e7\u201d. [&hellip;]<\/p>\n","protected":false},"author":2,"featured_media":68148,"comment_status":"open","ping_status":"open","sticky":false,"template":"","format":"standard","meta":{"footnotes":""},"categories":[6],"tags":[27],"class_list":{"0":"post-68147","1":"post","2":"type-post","3":"status-publish","4":"format-standard","5":"has-post-thumbnail","7":"category-rajoni","8":"tag-lajme"},"_links":{"self":[{"href":"https:\/\/neutrale.al\/index.php\/wp-json\/wp\/v2\/posts\/68147","targetHints":{"allow":["GET"]}}],"collection":[{"href":"https:\/\/neutrale.al\/index.php\/wp-json\/wp\/v2\/posts"}],"about":[{"href":"https:\/\/neutrale.al\/index.php\/wp-json\/wp\/v2\/types\/post"}],"author":[{"embeddable":true,"href":"https:\/\/neutrale.al\/index.php\/wp-json\/wp\/v2\/users\/2"}],"replies":[{"embeddable":true,"href":"https:\/\/neutrale.al\/index.php\/wp-json\/wp\/v2\/comments?post=68147"}],"version-history":[{"count":1,"href":"https:\/\/neutrale.al\/index.php\/wp-json\/wp\/v2\/posts\/68147\/revisions"}],"predecessor-version":[{"id":68149,"href":"https:\/\/neutrale.al\/index.php\/wp-json\/wp\/v2\/posts\/68147\/revisions\/68149"}],"wp:featuredmedia":[{"embeddable":true,"href":"https:\/\/neutrale.al\/index.php\/wp-json\/wp\/v2\/media\/68148"}],"wp:attachment":[{"href":"https:\/\/neutrale.al\/index.php\/wp-json\/wp\/v2\/media?parent=68147"}],"wp:term":[{"taxonomy":"category","embeddable":true,"href":"https:\/\/neutrale.al\/index.php\/wp-json\/wp\/v2\/categories?post=68147"},{"taxonomy":"post_tag","embeddable":true,"href":"https:\/\/neutrale.al\/index.php\/wp-json\/wp\/v2\/tags?post=68147"}],"curies":[{"name":"wp","href":"https:\/\/api.w.org\/{rel}","templated":true}]}}