{"id":67939,"date":"2024-01-08T11:36:18","date_gmt":"2024-01-08T11:36:18","guid":{"rendered":"https:\/\/neutrale.al\/?p=67939"},"modified":"2024-01-08T11:36:18","modified_gmt":"2024-01-08T11:36:18","slug":"peqin-nderron-jete-albert-kruja-nje-nga-drejtuesit-e-pd-ne-vite","status":"publish","type":"post","link":"https:\/\/neutrale.al\/index.php\/2024\/01\/08\/peqin-nderron-jete-albert-kruja-nje-nga-drejtuesit-e-pd-ne-vite\/","title":{"rendered":"Peqin\/ Nd\u00ebrron jet\u00eb Albert Kruja, nj\u00eb nga drejtuesit e PD n\u00eb vite"},"content":{"rendered":"<p>Ka nd\u00ebrruar jet\u00eb n\u00eb nj\u00eb mosh\u00eb jo t\u00eb natyrshme dr.veteriner Albert Kruja, i cili n\u00eb dekada ka qen\u00eb Sekretar i PD-s\u00eb n\u00eb Bashkin\u00eb Peqin.<\/p>\n<p>Lajmin e b\u00ebn me dije Dr.Mustafa Pashja, kryetar i Deg\u00ebs s\u00eb PD Peqin si m\u00eb posht\u00eb:<\/p>\n<p>Sot n\u00eb dat\u00ebn 07\/01\/2024 Partia Demokratike humbi nj\u00eb nga njer\u00ebzit dhe mb\u00ebshtet\u00ebsit e saj m\u00eb besnik z.Albert Kruja.<br \/>\nKontributi i tij jo vet\u00ebm profesional por edhe shoq\u00ebror e politik e ngren\u00eb at\u00eb n\u00eb piedistalin e kontributeve t\u00eb cil\u00ebve jo vet\u00ebm Partia Demokratike por i gjith\u00eb Peqini i \u00ebsht\u00eb mir\u00ebnjoh\u00ebs.<br \/>\nPartia Demokratike i percjell ngush\u00ebllime familjes p\u00ebr humbjen e njeriut t\u00eb shtrenjt\u00eb.<br \/>\nQofsh i xhenetit miku im!<\/p>\n","protected":false},"excerpt":{"rendered":"<p>Ka nd\u00ebrruar jet\u00eb n\u00eb nj\u00eb mosh\u00eb jo t\u00eb natyrshme dr.veteriner Albert Kruja, i cili n\u00eb dekada ka qen\u00eb Sekretar i PD-s\u00eb n\u00eb Bashkin\u00eb Peqin. Lajmin e b\u00ebn me dije Dr.Mustafa Pashja, kryetar i Deg\u00ebs s\u00eb PD Peqin si m\u00eb posht\u00eb: Sot n\u00eb dat\u00ebn 07\/01\/2024 Partia Demokratike humbi nj\u00eb nga njer\u00ebzit dhe mb\u00ebshtet\u00ebsit e saj m\u00eb [&hellip;]<\/p>\n","protected":false},"author":2,"featured_media":67940,"comment_status":"open","ping_status":"open","sticky":false,"template":"","format":"standard","meta":{"footnotes":""},"categories":[1],"tags":[],"class_list":{"0":"post-67939","1":"post","2":"type-post","3":"status-publish","4":"format-standard","5":"has-post-thumbnail","7":"category-te-tjera"},"_links":{"self":[{"href":"https:\/\/neutrale.al\/index.php\/wp-json\/wp\/v2\/posts\/67939","targetHints":{"allow":["GET"]}}],"collection":[{"href":"https:\/\/neutrale.al\/index.php\/wp-json\/wp\/v2\/posts"}],"about":[{"href":"https:\/\/neutrale.al\/index.php\/wp-json\/wp\/v2\/types\/post"}],"author":[{"embeddable":true,"href":"https:\/\/neutrale.al\/index.php\/wp-json\/wp\/v2\/users\/2"}],"replies":[{"embeddable":true,"href":"https:\/\/neutrale.al\/index.php\/wp-json\/wp\/v2\/comments?post=67939"}],"version-history":[{"count":1,"href":"https:\/\/neutrale.al\/index.php\/wp-json\/wp\/v2\/posts\/67939\/revisions"}],"predecessor-version":[{"id":67941,"href":"https:\/\/neutrale.al\/index.php\/wp-json\/wp\/v2\/posts\/67939\/revisions\/67941"}],"wp:featuredmedia":[{"embeddable":true,"href":"https:\/\/neutrale.al\/index.php\/wp-json\/wp\/v2\/media\/67940"}],"wp:attachment":[{"href":"https:\/\/neutrale.al\/index.php\/wp-json\/wp\/v2\/media?parent=67939"}],"wp:term":[{"taxonomy":"category","embeddable":true,"href":"https:\/\/neutrale.al\/index.php\/wp-json\/wp\/v2\/categories?post=67939"},{"taxonomy":"post_tag","embeddable":true,"href":"https:\/\/neutrale.al\/index.php\/wp-json\/wp\/v2\/tags?post=67939"}],"curies":[{"name":"wp","href":"https:\/\/api.w.org\/{rel}","templated":true}]}}