{"id":6783,"date":"2022-06-26T09:23:52","date_gmt":"2022-06-26T09:23:52","guid":{"rendered":"https:\/\/neutrale.al\/?p=6783"},"modified":"2022-06-26T09:23:52","modified_gmt":"2022-06-26T09:23:52","slug":"venecia-shqiptaret-sherr-me-thika-mes-tyre-i-plagosuri-hidhet-ne-kanal-turistet-tmerrohen","status":"publish","type":"post","link":"https:\/\/neutrale.al\/index.php\/2022\/06\/26\/venecia-shqiptaret-sherr-me-thika-mes-tyre-i-plagosuri-hidhet-ne-kanal-turistet-tmerrohen\/","title":{"rendered":"Venecia\/ Shqiptar\u00ebt, sherr me thika mes tyre, i plagosuri hidhet n\u00eb kanal, turist\u00ebt tmerrohen"},"content":{"rendered":"<p>Nj\u00eb p\u00ebrleshje me thika ka ndodhur dje mes tre shqiptar\u00ebve n\u00eb Venezia. Mediat italiane shkruajn\u00eb se dyshohet se kemi t\u00eb b\u00ebjm\u00eb me trafikant\u00eb droge, t\u00eb cil\u00ebt jan\u00eb p\u00ebrfshir\u00eb n\u00eb konflikt n\u00eb nj\u00eb zon\u00eb t\u00eb populluar. <\/p>\n<p>Ngjarja ka ndodhur Rio Marin n\u00eb Venecia p\u00ebrball\u00eb nj\u00eb turme kalimtar\u00ebsh, turist\u00ebsh dhe banor\u00ebsh, duke shkaktuar frik\u00eb dhe panik. <\/p>\n<p>D\u00ebshmitar\u00ebt n\u00eb vendngjarje pohojn\u00eb se ishin dy burrat q\u00eb sulmuan personin e tret\u00eb, i cili n\u00eb tentativ\u00eb p\u00ebr t\u00eb shp\u00ebtuar goditjeve me thik\u00eb u hodh n\u00eb kanal. <\/p>\n<p>Sipas policis\u00eb italiane, ai ishte plagosur me thik\u00eb dhe u d\u00ebrgua n\u00eb spital p\u00ebr t\u00eb marr\u00eb kujdesin e nevojsh\u00ebm jasht\u00eb rrezikut p\u00ebr jet\u00ebn. <\/p>\n<p>Nd\u00ebrkoh\u00eb dy personat e tjer\u00eb jan\u00eb arratisur edhe pse karabinier\u00ebt mb\u00ebrrit\u00ebn menj\u00ebher\u00eb n\u00eb vendngjarje, t\u00eb alarmuar nga raportimet e d\u00ebshmitar\u00ebve t\u00eb shumt\u00eb.<\/p>\n","protected":false},"excerpt":{"rendered":"<p>Nj\u00eb p\u00ebrleshje me thika ka ndodhur dje mes tre shqiptar\u00ebve n\u00eb Venezia. Mediat italiane shkruajn\u00eb se dyshohet se kemi t\u00eb b\u00ebjm\u00eb me trafikant\u00eb droge, t\u00eb cil\u00ebt jan\u00eb p\u00ebrfshir\u00eb n\u00eb konflikt n\u00eb nj\u00eb zon\u00eb t\u00eb populluar. Ngjarja ka ndodhur Rio Marin n\u00eb Venecia p\u00ebrball\u00eb nj\u00eb turme kalimtar\u00ebsh, turist\u00ebsh dhe banor\u00ebsh, duke shkaktuar frik\u00eb dhe panik. D\u00ebshmitar\u00ebt [&hellip;]<\/p>\n","protected":false},"author":2,"featured_media":6784,"comment_status":"open","ping_status":"open","sticky":false,"template":"","format":"standard","meta":{"footnotes":""},"categories":[12,118],"tags":[27],"class_list":{"0":"post-6783","1":"post","2":"type-post","3":"status-publish","4":"format-standard","5":"has-post-thumbnail","7":"category-bota","8":"category-kryesore","9":"tag-lajme"},"_links":{"self":[{"href":"https:\/\/neutrale.al\/index.php\/wp-json\/wp\/v2\/posts\/6783","targetHints":{"allow":["GET"]}}],"collection":[{"href":"https:\/\/neutrale.al\/index.php\/wp-json\/wp\/v2\/posts"}],"about":[{"href":"https:\/\/neutrale.al\/index.php\/wp-json\/wp\/v2\/types\/post"}],"author":[{"embeddable":true,"href":"https:\/\/neutrale.al\/index.php\/wp-json\/wp\/v2\/users\/2"}],"replies":[{"embeddable":true,"href":"https:\/\/neutrale.al\/index.php\/wp-json\/wp\/v2\/comments?post=6783"}],"version-history":[{"count":1,"href":"https:\/\/neutrale.al\/index.php\/wp-json\/wp\/v2\/posts\/6783\/revisions"}],"predecessor-version":[{"id":6785,"href":"https:\/\/neutrale.al\/index.php\/wp-json\/wp\/v2\/posts\/6783\/revisions\/6785"}],"wp:featuredmedia":[{"embeddable":true,"href":"https:\/\/neutrale.al\/index.php\/wp-json\/wp\/v2\/media\/6784"}],"wp:attachment":[{"href":"https:\/\/neutrale.al\/index.php\/wp-json\/wp\/v2\/media?parent=6783"}],"wp:term":[{"taxonomy":"category","embeddable":true,"href":"https:\/\/neutrale.al\/index.php\/wp-json\/wp\/v2\/categories?post=6783"},{"taxonomy":"post_tag","embeddable":true,"href":"https:\/\/neutrale.al\/index.php\/wp-json\/wp\/v2\/tags?post=6783"}],"curies":[{"name":"wp","href":"https:\/\/api.w.org\/{rel}","templated":true}]}}