{"id":67530,"date":"2023-12-30T11:33:59","date_gmt":"2023-12-30T11:33:59","guid":{"rendered":"https:\/\/neutrale.al\/?p=67530"},"modified":"2023-12-30T11:33:59","modified_gmt":"2023-12-30T11:33:59","slug":"gazeta-amerikane-boston-herald-shkrim-per-berishen-kerkojne-te-pengojne-donald-trumpin-e-ballkanit-qe-te-kthehet-ne-pushtet","status":"publish","type":"post","link":"https:\/\/neutrale.al\/index.php\/2023\/12\/30\/gazeta-amerikane-boston-herald-shkrim-per-berishen-kerkojne-te-pengojne-donald-trumpin-e-ballkanit-qe-te-kthehet-ne-pushtet\/","title":{"rendered":"Gazeta amerikane, Boston Herald shkrim p\u00ebr Berish\u00ebn: K\u00ebrkojn\u00eb t\u00eb pengojn\u00eb Donald Trumpin e Ballkanit q\u00eb t\u00eb kthehet n\u00eb pushtet"},"content":{"rendered":"<p>Nj\u00eb nga gazetat m\u00eb t\u00eb m\u00ebdha n\u00eb SHBA, Boston Herald publikoi nj\u00eb shkrim analiz\u00eb t\u00eb gazetarit t\u00eb njohur, Peter Lucas, ku theksohet se rasti i Sali Berish\u00ebs n\u00eb Shqip\u00ebri, ngjan me rastin e Donald Trump n\u00eb SHBA.<\/p>\n<p>Gazetari shqiptaro-amerikan shkruan se sa m\u00eb shum\u00eb luftohet Sali Berisha nga Edi Rama, aq m\u00eb i fort\u00eb b\u00ebhet ai.<\/p>\n<p>\u201cAi \u00ebsht\u00eb ish-presidenti i diskutuesh\u00ebm i vendit q\u00eb po kandidon p\u00ebr t\u00eb udh\u00ebhequr p\u00ebrs\u00ebri vendin e tij. Por njeriu kund\u00ebr t\u00eb cilit po garon, d\u00ebshiron ta fus\u00eb n\u00eb burg p\u00ebrpara se t\u00eb ket\u00eb nj\u00eb shans p\u00ebr ta b\u00ebr\u00eb nj\u00eb gj\u00eb t\u00eb till\u00eb.<\/p>\n<p>Jo, nuk po flasim p\u00ebr presidentin Joe Biden dhe ish-presidentin Donald Trump.<\/p>\n<p>P\u00ebrkundrazi, ne po flasim p\u00ebr Shqip\u00ebrin\u00eb, ku, duke imituar SHBA-n\u00eb, kryeministri Edi Rama dhe establishmenti politik sundues i socialist\u00ebve k\u00ebrkon q\u00eb t\u00eb pengoj\u00eb Sali Berish\u00ebn, Donald Trumpin e Ballkanit, q\u00eb t\u00eb kthehet n\u00eb pushtet dhe po b\u00ebjn\u00eb gjith\u00e7ka p\u00ebr ta ndaluar at\u00eb.<\/p>\n<p>N\u00eb vend q\u00eb t\u00eb p\u00ebrballen me Berish\u00ebn, nj\u00eb ish-president dhe kryeminist\u00ebr, n\u00eb zgjedhjet e ardhshme, Rama, me ndihm\u00ebn e administrat\u00ebs s\u00eb Biden, po k\u00ebrkon ta shkat\u00ebrroj\u00eb at\u00eb- p\u00ebrfshir\u00eb mbajtjen e tij larg votimit- n\u00eb m\u00ebnyr\u00eb t\u00eb ngjashme se si po vepron Biden me Trump.<\/p>\n<p>Jav\u00ebn e kaluar, shumica socialiste e Edi Ram\u00ebs, votoi p\u00ebr ta zhveshur Berish\u00ebn nga imuniteti parlamentar dhe ligjor, pasi u akuzua p\u00ebr korrupsion.<\/p>\n<p>Masa i hap rrug\u00ebn p\u00ebr ta vendosur at\u00eb n\u00ebn arrest sht\u00ebpiak ose p\u00ebr ta d\u00ebrguar n\u00eb burg n\u00eb pritje t\u00eb hetimit t\u00eb m\u00ebtejsh\u00ebm.<\/p>\n<p>Kjo e pengon at\u00eb gjithashtu q\u00eb t\u00eb mos b\u00ebj\u00eb fushat\u00eb kund\u00ebr Ram\u00ebs n\u00eb zgjedhjet e ardhshme t\u00eb vitit 2025, n\u00eb m\u00ebnyr\u00eb t\u00eb ngjashme si\u00e7 po tenton t\u00eb b\u00ebj\u00eb Biden me Trump n\u00eb vitin 2024\u201d,\u00a0shkruan Lucas.<\/p>\n<p>\u201cPor xhihadi i Ram\u00ebs kund\u00ebr armikut t\u00eb tij Berisha mund t\u00eb ket\u00eb efekt t\u00eb kund\u00ebrt nj\u00ebsoj si me m\u00ebnyr\u00ebn se si Biden po e p\u00ebrdor Departamentin e Drejt\u00ebsis\u00eb p\u00ebr t\u00eb shkuar pas Trump.<\/p>\n<p>Sa m\u00eb shum\u00eb persekutohet Trump nga Departamenti i Drejt\u00ebsis\u00eb i kontrolluar nga Biden dhe nga gjykatat e kontrolluara nga demokrat\u00ebt, aq m\u00eb popullor b\u00ebhet ai.<\/p>\n<p>Sa m\u00eb shum\u00eb shkon Rama pas Berish\u00ebs, aq m\u00eb i fort\u00eb b\u00ebhet Berisha\u201d,\u00a0shkruan gazetari i njohur.<\/p>\n","protected":false},"excerpt":{"rendered":"<p>Nj\u00eb nga gazetat m\u00eb t\u00eb m\u00ebdha n\u00eb SHBA, Boston Herald publikoi nj\u00eb shkrim analiz\u00eb t\u00eb gazetarit t\u00eb njohur, Peter Lucas, ku theksohet se rasti i Sali Berish\u00ebs n\u00eb Shqip\u00ebri, ngjan me rastin e Donald Trump n\u00eb SHBA. Gazetari shqiptaro-amerikan shkruan se sa m\u00eb shum\u00eb luftohet Sali Berisha nga Edi Rama, aq m\u00eb i fort\u00eb b\u00ebhet [&hellip;]<\/p>\n","protected":false},"author":2,"featured_media":67531,"comment_status":"open","ping_status":"open","sticky":false,"template":"","format":"standard","meta":{"footnotes":""},"categories":[118,9],"tags":[],"class_list":{"0":"post-67530","1":"post","2":"type-post","3":"status-publish","4":"format-standard","5":"has-post-thumbnail","7":"category-kryesore","8":"category-politika"},"_links":{"self":[{"href":"https:\/\/neutrale.al\/index.php\/wp-json\/wp\/v2\/posts\/67530","targetHints":{"allow":["GET"]}}],"collection":[{"href":"https:\/\/neutrale.al\/index.php\/wp-json\/wp\/v2\/posts"}],"about":[{"href":"https:\/\/neutrale.al\/index.php\/wp-json\/wp\/v2\/types\/post"}],"author":[{"embeddable":true,"href":"https:\/\/neutrale.al\/index.php\/wp-json\/wp\/v2\/users\/2"}],"replies":[{"embeddable":true,"href":"https:\/\/neutrale.al\/index.php\/wp-json\/wp\/v2\/comments?post=67530"}],"version-history":[{"count":1,"href":"https:\/\/neutrale.al\/index.php\/wp-json\/wp\/v2\/posts\/67530\/revisions"}],"predecessor-version":[{"id":67532,"href":"https:\/\/neutrale.al\/index.php\/wp-json\/wp\/v2\/posts\/67530\/revisions\/67532"}],"wp:featuredmedia":[{"embeddable":true,"href":"https:\/\/neutrale.al\/index.php\/wp-json\/wp\/v2\/media\/67531"}],"wp:attachment":[{"href":"https:\/\/neutrale.al\/index.php\/wp-json\/wp\/v2\/media?parent=67530"}],"wp:term":[{"taxonomy":"category","embeddable":true,"href":"https:\/\/neutrale.al\/index.php\/wp-json\/wp\/v2\/categories?post=67530"},{"taxonomy":"post_tag","embeddable":true,"href":"https:\/\/neutrale.al\/index.php\/wp-json\/wp\/v2\/tags?post=67530"}],"curies":[{"name":"wp","href":"https:\/\/api.w.org\/{rel}","templated":true}]}}