{"id":6717,"date":"2022-06-25T07:55:08","date_gmt":"2022-06-25T07:55:08","guid":{"rendered":"https:\/\/neutrale.al\/?p=6717"},"modified":"2022-06-25T07:55:08","modified_gmt":"2022-06-25T07:55:08","slug":"sali-berisha-denoj-me-ashpersi-sjelljen-e-padenje-te-edi-rames-ndaj-bullgarise","status":"publish","type":"post","link":"https:\/\/neutrale.al\/index.php\/2022\/06\/25\/sali-berisha-denoj-me-ashpersi-sjelljen-e-padenje-te-edi-rames-ndaj-bullgarise\/","title":{"rendered":"Sali Berisha\/ D\u00ebnoj me ashp\u00ebrsi sjelljen e padenj\u00eb t\u00eb Edi Ram\u00ebs ndaj Bullgaris\u00eb !"},"content":{"rendered":"<p>Ky ka qen\u00eb mesazhi, n\u00eb rrjete sociale, i ish kryeministrit Berisha, ndaj kryeministrit Rama, n\u00eb lidhje me gjuh\u00ebn fyese ndaj Bullgaris\u00eb. <\/p>\n<p>Ja postimi i plot\u00eb i Liderit demokrat: <\/p>\n<p>I keqp\u00ebrdoruri! <\/p>\n<p>Vu\u00e7i\u00e7 nd\u00ebrseu Ram\u00ebn si shar\u00ebs p\u00ebr t\u2019u hakmarr\u00eb ndaj Bullgaris\u00eb p\u00ebr d\u00ebshtimin e vizit\u00ebs s\u00eb Lavrovit n\u00eb Beograd. <\/p>\n<p>Miq, dje Edi Rama, vasali i Serbomadhit Vu\u00e7i\u00e7, n\u00eb nj\u00eb skandal t\u00eb v\u00ebrtet\u00eb diplomatik, shp\u00ebrtheu n\u00eb sharje prej ordineri ndaj Bullgaris\u00eb p\u00ebr veton e saj p\u00ebr Maqedonin\u00eb e Veriut. Duket se p\u00ebrdorimi i gjuh\u00ebs s\u00eb padenj\u00eb ndaj nj\u00eb vendi mik, Ram\u00ebs i\u2019u diktua nga padroni i tij, Vu\u00e7i\u00e7. E t\u00ebra kjo si hakmarrje primitive t\u00eb k\u00ebtij t\u00eb fundit ndaj Bullgaris\u00eb p\u00ebr shkak t\u00eb bllokimit t\u00eb hap\u00ebsir\u00ebs ajrore nga ky vend an\u00ebtar i NATO-s, p\u00ebr avionin e Ministrit t\u00eb Jasht\u00ebm rus Lavrov, dhe p\u00ebr pasoj\u00eb, d\u00ebshtimit t\u00eb vizit\u00ebs s\u00eb tij n\u00eb Beograd. <\/p>\n<p>D\u00ebnoj me ashp\u00ebrsin\u00eb m\u00eb t\u00eb madhe sjelljen e padenj\u00eb t\u00eb Edi Ram\u00ebs dhe keqp\u00ebrdorimin e tij si shar\u00ebs me porosi nga padroni i tij, Aleksand\u00ebr Vu\u00e7i\u00e7. sb<\/p>\n","protected":false},"excerpt":{"rendered":"<p>Ky ka qen\u00eb mesazhi, n\u00eb rrjete sociale, i ish kryeministrit Berisha, ndaj kryeministrit Rama, n\u00eb lidhje me gjuh\u00ebn fyese ndaj Bullgaris\u00eb. Ja postimi i plot\u00eb i Liderit demokrat: I keqp\u00ebrdoruri! Vu\u00e7i\u00e7 nd\u00ebrseu Ram\u00ebn si shar\u00ebs p\u00ebr t\u2019u hakmarr\u00eb ndaj Bullgaris\u00eb p\u00ebr d\u00ebshtimin e vizit\u00ebs s\u00eb Lavrovit n\u00eb Beograd. Miq, dje Edi Rama, vasali i Serbomadhit [&hellip;]<\/p>\n","protected":false},"author":2,"featured_media":6718,"comment_status":"open","ping_status":"open","sticky":false,"template":"","format":"standard","meta":{"footnotes":""},"categories":[118,9],"tags":[],"class_list":{"0":"post-6717","1":"post","2":"type-post","3":"status-publish","4":"format-standard","5":"has-post-thumbnail","7":"category-kryesore","8":"category-politika"},"_links":{"self":[{"href":"https:\/\/neutrale.al\/index.php\/wp-json\/wp\/v2\/posts\/6717","targetHints":{"allow":["GET"]}}],"collection":[{"href":"https:\/\/neutrale.al\/index.php\/wp-json\/wp\/v2\/posts"}],"about":[{"href":"https:\/\/neutrale.al\/index.php\/wp-json\/wp\/v2\/types\/post"}],"author":[{"embeddable":true,"href":"https:\/\/neutrale.al\/index.php\/wp-json\/wp\/v2\/users\/2"}],"replies":[{"embeddable":true,"href":"https:\/\/neutrale.al\/index.php\/wp-json\/wp\/v2\/comments?post=6717"}],"version-history":[{"count":1,"href":"https:\/\/neutrale.al\/index.php\/wp-json\/wp\/v2\/posts\/6717\/revisions"}],"predecessor-version":[{"id":6719,"href":"https:\/\/neutrale.al\/index.php\/wp-json\/wp\/v2\/posts\/6717\/revisions\/6719"}],"wp:featuredmedia":[{"embeddable":true,"href":"https:\/\/neutrale.al\/index.php\/wp-json\/wp\/v2\/media\/6718"}],"wp:attachment":[{"href":"https:\/\/neutrale.al\/index.php\/wp-json\/wp\/v2\/media?parent=6717"}],"wp:term":[{"taxonomy":"category","embeddable":true,"href":"https:\/\/neutrale.al\/index.php\/wp-json\/wp\/v2\/categories?post=6717"},{"taxonomy":"post_tag","embeddable":true,"href":"https:\/\/neutrale.al\/index.php\/wp-json\/wp\/v2\/tags?post=6717"}],"curies":[{"name":"wp","href":"https:\/\/api.w.org\/{rel}","templated":true}]}}